{"id":263027,"date":"2019-03-16T23:16:19","date_gmt":"2019-03-16T22:16:19","guid":{"rendered":"http:\/\/www.pcnen.com\/portal\/?p=263027"},"modified":"2019-03-16T23:16:19","modified_gmt":"2019-03-16T22:16:19","slug":"sunce-ce-grijati-u-duzim-intervalima","status":"publish","type":"post","link":"https:\/\/www.pcnen.com\/portal\/2019\/03\/16\/sunce-ce-grijati-u-duzim-intervalima\/","title":{"rendered":"Sunce \u0107e grijati u du\u017eim intervalima"},"content":{"rendered":"<p><img loading=\"lazy\" decoding=\"async\" class=\"alignleft size-medium wp-image-146877\" src=\"http:\/\/www.pcnen.com\/portal\/wp-content\/uploads\/2014\/05\/sunce2-300x199.jpg\" alt=\"\" width=\"300\" height=\"199\" \/>U nedjelju \u0107e biti malo do umjereno obla\u010dno sa du\u017eim sun\u010danim intervalima.<\/p>\n<p>Po kotlinama na sjeveru Crne Gore ujutru \u0107e biti mogu\u0107a magla.<\/p>\n<p>Krajem dana u ju\u017enim i centralnim krajevima pove\u0107anje obla\u010dnosti.<br \/>\nVjetar s juga bi\u0107e mjestimi\u010dno umjeren do poja\u010dan, a u sjevernim predjelima i na primorju jak na udare.<\/p>\n<p>Jutarnja temperatura vazduha bi\u0107e u rasponu od -2 do 8, a najvi\u0161a dnevna od 9 do 22 stepena.<\/p>\n<p>U Podgorici \u0107e biti malo do umjereno obla\u010dno sa sun\u010danim intervalima. Vjetar ju\u017eni i jugoisto\u010dni bi\u0107e povremeno umjeren. Jutarnja temperatura vazduha bi\u0107e oko 6, a najvi\u0161a dnevna oko 20 stepeni.<\/p>\n<p><a href=\"http:\/\/www.meteo.co.me\/misc.php?text=121&amp;sektor=1&amp;grad=PLJ\" target=\"_blank\" rel=\"noopener\">Prognoza za ostale gradove.<\/a><\/p>\n","protected":false},"excerpt":{"rendered":"<p>Najvi\u0161a dnevna  temperatura od 9 do 22 stepena<\/p>\n","protected":false},"author":1,"featured_media":0,"comment_status":"open","ping_status":"closed","sticky":false,"template":"","format":"standard","meta":{"_seopress_robots_primary_cat":"","_seopress_titles_title":"","_seopress_titles_desc":"","_seopress_robots_index":"","_et_pb_use_builder":"","_et_pb_old_content":"","_et_gb_content_width":"","inline_featured_image":false,"footnotes":""},"categories":[14,12],"tags":[],"class_list":["post-263027","post","type-post","status-publish","format-standard","hentry","category-vijesti","category-prica-dana"],"_links":{"self":[{"href":"https:\/\/www.pcnen.com\/portal\/wp-json\/wp\/v2\/posts\/263027","targetHints":{"allow":["GET"]}}],"collection":[{"href":"https:\/\/www.pcnen.com\/portal\/wp-json\/wp\/v2\/posts"}],"about":[{"href":"https:\/\/www.pcnen.com\/portal\/wp-json\/wp\/v2\/types\/post"}],"author":[{"embeddable":true,"href":"https:\/\/www.pcnen.com\/portal\/wp-json\/wp\/v2\/users\/1"}],"replies":[{"embeddable":true,"href":"https:\/\/www.pcnen.com\/portal\/wp-json\/wp\/v2\/comments?post=263027"}],"version-history":[{"count":0,"href":"https:\/\/www.pcnen.com\/portal\/wp-json\/wp\/v2\/posts\/263027\/revisions"}],"wp:attachment":[{"href":"https:\/\/www.pcnen.com\/portal\/wp-json\/wp\/v2\/media?parent=263027"}],"wp:term":[{"taxonomy":"category","embeddable":true,"href":"https:\/\/www.pcnen.com\/portal\/wp-json\/wp\/v2\/categories?post=263027"},{"taxonomy":"post_tag","embeddable":true,"href":"https:\/\/www.pcnen.com\/portal\/wp-json\/wp\/v2\/tags?post=263027"}],"curies":[{"name":"wp","href":"https:\/\/api.w.org\/{rel}","templated":true}]}}