{"id":263014,"date":"2019-03-16T20:47:39","date_gmt":"2019-03-16T19:47:39","guid":{"rendered":"http:\/\/www.pcnen.com\/portal\/?p=263014"},"modified":"2019-03-16T23:52:30","modified_gmt":"2019-03-16T22:52:30","slug":"odrzan-peti-protest-odupri-se-97-hiljada","status":"publish","type":"post","link":"https:\/\/www.pcnen.com\/portal\/2019\/03\/16\/odrzan-peti-protest-odupri-se-97-hiljada\/","title":{"rendered":"Odr\u017ean peti protest &#8216;Odupri se &#8211; 97 hiljada&#8217;"},"content":{"rendered":"<p><img loading=\"lazy\" decoding=\"async\" class=\"alignleft size-medium wp-image-263015\" src=\"http:\/\/www.pcnen.com\/portal\/wp-content\/uploads\/2019\/03\/katnic-300x297.jpg\" alt=\"\" width=\"300\" height=\"297\" srcset=\"https:\/\/www.pcnen.com\/portal\/wp-content\/uploads\/2019\/03\/katnic-300x297.jpg 300w, https:\/\/www.pcnen.com\/portal\/wp-content\/uploads\/2019\/03\/katnic-150x150.jpg 150w, https:\/\/www.pcnen.com\/portal\/wp-content\/uploads\/2019\/03\/katnic-144x144.jpg 144w, https:\/\/www.pcnen.com\/portal\/wp-content\/uploads\/2019\/03\/katnic-50x50.jpg 50w, https:\/\/www.pcnen.com\/portal\/wp-content\/uploads\/2019\/03\/katnic-235x233.jpg 235w, https:\/\/www.pcnen.com\/portal\/wp-content\/uploads\/2019\/03\/katnic-75x74.jpg 75w, https:\/\/www.pcnen.com\/portal\/wp-content\/uploads\/2019\/03\/katnic-350x347.jpg 350w, https:\/\/www.pcnen.com\/portal\/wp-content\/uploads\/2019\/03\/katnic-70x70.jpg 70w, https:\/\/www.pcnen.com\/portal\/wp-content\/uploads\/2019\/03\/katnic-220x218.jpg 220w, https:\/\/www.pcnen.com\/portal\/wp-content\/uploads\/2019\/03\/katnic.jpg 400w\" sizes=\"(max-width: 300px) 100vw, 300px\" \/>Ve\u010deras je u Podgorici odr\u017ean <a href=\"http:\/\/www.pcnen.com\/portal\/2019\/03\/16\/danas-peti-protest-odupri-se-97-000\/\">peti gra\u0111anski protest<\/a>, a novi je zakazan za subotu, 23. marta.<\/p>\n<p>Vi\u0161e hiljada gra\u0111ana je, nakon \u0161to su se okupili na Trgu nezavisnosti, krenuli u protestnu \u0161etnju pored zgrada Predsjedni\u0161tva, Skup\u0161tine, Tu\u017eila\u0161tava&#8230;<\/p>\n<p>Ispred zgrade Tu\u017eila\u0161tva, ostavljena je lutka sa likom glavnog specijalnog tu\u017eioca <a href=\"http:\/\/www.pcnen.com\/portal\/2019\/03\/11\/katnic-zao-mi-je-sto-su-pomamili-ovaj-narod-da-protestuje\/\">Milivoja Katni\u0107a kome iz glave raste luk<\/a>.<\/p>\n<p>\u201cNa\u0161e protestne \u0161etnje su maraton kojim \u0107emo do\u0107i do cilja. Molimo sve gra\u0111ane da budu strljivi\u201d, rekao je u\u010desnik protesta Slavi\u0161a Grubi\u0161a.<\/p>\n<p><iframe loading=\"lazy\" title=\"Snimak protesta #oduprise 16.3.2019\" width=\"1080\" height=\"810\" src=\"https:\/\/www.youtube.com\/embed\/2nLt1L_qpOU?feature=oembed\" frameborder=\"0\" allow=\"accelerometer; autoplay; clipboard-write; encrypted-media; gyroscope; picture-in-picture; web-share\" allowfullscreen><\/iframe><\/p>\n<p>Jedan od organizatora protesta D\u017eemal Perovi\u0107 je pitao ima li ve\u0107eg patriotizma od zaustavljanja plja\u010dke dr\u017eavih resursa.<\/p>\n<p>\u201cSve ste otu\u0111ii ali ne\u0107ete nas jedne od drugih. Imate novac ali nas ne\u0107ete kupiti. Vi dr\u017eiti vlast 30 godina, ali mi smo dr\u017eava. \u010cisti obraz su na\u0161a zastava\u201d, poru\u010dio je Perovi\u0107 crnogorskom predsjedniku Milu \u0110ukanovi\u0107u, koji je nedavno izjavio kako na gra\u0111anskim protestima nema crnogorskih zastava.<\/p>\n<p>Procjena organizatora i u\u010desnika je da je na skupu bilo demonstranata koliko i na prethodnom protestu, oko 12 hiljada.<\/p>\n","protected":false},"excerpt":{"rendered":"<p>Ve\u010deras je u Podgorici odr\u017ean peti gra\u0111anski protest, a novi je zakazan za subotu, 23. marta. Vi\u0161e hiljada gra\u0111ana je, nakon \u0161to su se okupili na Trgu nezavisnosti, krenuli u protestnu \u0161etnju pored zgrada Predsjedni\u0161tva, Skup\u0161tine, Tu\u017eila\u0161tava&#8230; Ispred zgrade Tu\u017eila\u0161tva, ostavljena je lutka sa likom glavnog specijalnog tu\u017eioca Milivoja Katni\u0107a kome iz glave raste luk. [&hellip;]<\/p>\n","protected":false},"author":1,"featured_media":263015,"comment_status":"open","ping_status":"closed","sticky":false,"template":"","format":"standard","meta":{"_seopress_robots_primary_cat":"","_seopress_titles_title":"","_seopress_titles_desc":"","_seopress_robots_index":"","_et_pb_use_builder":"","_et_pb_old_content":"","_et_gb_content_width":"","inline_featured_image":false,"footnotes":""},"categories":[14,12],"tags":[],"class_list":["post-263014","post","type-post","status-publish","format-standard","has-post-thumbnail","hentry","category-vijesti","category-prica-dana"],"_links":{"self":[{"href":"https:\/\/www.pcnen.com\/portal\/wp-json\/wp\/v2\/posts\/263014","targetHints":{"allow":["GET"]}}],"collection":[{"href":"https:\/\/www.pcnen.com\/portal\/wp-json\/wp\/v2\/posts"}],"about":[{"href":"https:\/\/www.pcnen.com\/portal\/wp-json\/wp\/v2\/types\/post"}],"author":[{"embeddable":true,"href":"https:\/\/www.pcnen.com\/portal\/wp-json\/wp\/v2\/users\/1"}],"replies":[{"embeddable":true,"href":"https:\/\/www.pcnen.com\/portal\/wp-json\/wp\/v2\/comments?post=263014"}],"version-history":[{"count":0,"href":"https:\/\/www.pcnen.com\/portal\/wp-json\/wp\/v2\/posts\/263014\/revisions"}],"wp:featuredmedia":[{"embeddable":true,"href":"https:\/\/www.pcnen.com\/portal\/wp-json\/wp\/v2\/media\/263015"}],"wp:attachment":[{"href":"https:\/\/www.pcnen.com\/portal\/wp-json\/wp\/v2\/media?parent=263014"}],"wp:term":[{"taxonomy":"category","embeddable":true,"href":"https:\/\/www.pcnen.com\/portal\/wp-json\/wp\/v2\/categories?post=263014"},{"taxonomy":"post_tag","embeddable":true,"href":"https:\/\/www.pcnen.com\/portal\/wp-json\/wp\/v2\/tags?post=263014"}],"curies":[{"name":"wp","href":"https:\/\/api.w.org\/{rel}","templated":true}]}}