{"id":262995,"date":"2019-03-16T13:40:29","date_gmt":"2019-03-16T12:40:29","guid":{"rendered":"http:\/\/www.pcnen.com\/portal\/?p=262995"},"modified":"2019-03-16T13:40:29","modified_gmt":"2019-03-16T12:40:29","slug":"knezevic-nazvao-najvecim-kriminalcem-brata-mila-dukanovica","status":"publish","type":"post","link":"https:\/\/www.pcnen.com\/portal\/2019\/03\/16\/knezevic-nazvao-najvecim-kriminalcem-brata-mila-dukanovica\/","title":{"rendered":"Kne\u017eevi\u0107 nazvao najve\u0107im  kriminalcem brata Mila \u0110ukanovi\u0107a"},"content":{"rendered":"<div id=\"attachment_259485\" style=\"width: 310px\" class=\"wp-caption alignleft\"><img loading=\"lazy\" decoding=\"async\" aria-describedby=\"caption-attachment-259485\" class=\"size-medium wp-image-259485\" src=\"http:\/\/www.pcnen.com\/portal\/wp-content\/uploads\/2019\/01\/Djukanovic-Knezevic-300x285.jpg\" alt=\"\" width=\"300\" height=\"285\" \/><p id=\"caption-attachment-259485\" class=\"wp-caption-text\">Foto: Instagram.com<\/p><\/div>\n<p>Vlasnik Atlas grupe Du\u0161ko Kne\u017eevi\u0107 je za Vijesti potvrdio da posjeduje video snimak na kome se vidi kako on, u njegovoj ku\u0107i, daje aktuelnom predsjedniku Crne Gore Milu \u0110ukanovi\u0107u sportsku torbu u kojoj je novac, kao i razgovor njih dvojice vo\u0111en tom prilikom.<\/p>\n<p>\u201cNajvi\u0161e sam davao \u0110ukanovi\u0107u direktno, jer niko se drugi nije mije\u0161ao, jo\u0161 sam ne\u0161to radio i za vrijeme gradona\u010delnika Podgorice Miomira Mugo\u0161e, ali sam ve\u0107inu finansijskih aran\u017emana dogovarao sa \u0110ukanovi\u0107em\u201c, rekao je Kne\u017eevi\u0107, koga je u Londonu <a href=\"https:\/\/www.vijesti.me\/vijesti\/politika\/dukanovic-ja-i-torba-sa-parama\" target=\"_blank\" rel=\"noopener\">intervjuisao<\/a> glavni i odgovorni urednik dnevnika Vijesti Srdan Kosovi\u0107.<\/p>\n<p>Kne\u017eevi\u0107 je rekao da mu je od re\u017eima nu\u0111ena nagodba, ali da on ne \u017eeli \u201cnikakav dogovor sa Tu\u017eila\u0161tvom i \u0110ukanovi\u0107em\u201c.<\/p>\n<p>On je za Aca, brata Mila \u0110ukanovi\u0107a, rekao da je &#8220;najve\u0107i kriminalac u Crnoj Gori\u201c i da \u0107e on svome bratu \u201cdo\u0107i glave sa svojim poslovima, sa svojim prljavim rabotama\u201c.<\/p>\n","protected":false},"excerpt":{"rendered":"<p>Vlasnik Atlas grupe Du\u0161ko Kne\u017eevi\u0107 je za Vijesti potvrdio da posjeduje video snimak na kome se vidi kako on, u njegovoj ku\u0107i, daje aktuelnom predsjedniku Crne Gore Milu \u0110ukanovi\u0107u sportsku torbu u kojoj je novac, kao i razgovor njih dvojice vo\u0111en tom prilikom. \u201cNajvi\u0161e sam davao \u0110ukanovi\u0107u direktno, jer niko se drugi nije mije\u0161ao, jo\u0161 [&hellip;]<\/p>\n","protected":false},"author":1,"featured_media":0,"comment_status":"open","ping_status":"closed","sticky":false,"template":"","format":"standard","meta":{"_seopress_robots_primary_cat":"","_seopress_titles_title":"","_seopress_titles_desc":"","_seopress_robots_index":"","_et_pb_use_builder":"","_et_pb_old_content":"","_et_gb_content_width":"","inline_featured_image":false,"footnotes":""},"categories":[14],"tags":[],"class_list":["post-262995","post","type-post","status-publish","format-standard","hentry","category-vijesti"],"_links":{"self":[{"href":"https:\/\/www.pcnen.com\/portal\/wp-json\/wp\/v2\/posts\/262995","targetHints":{"allow":["GET"]}}],"collection":[{"href":"https:\/\/www.pcnen.com\/portal\/wp-json\/wp\/v2\/posts"}],"about":[{"href":"https:\/\/www.pcnen.com\/portal\/wp-json\/wp\/v2\/types\/post"}],"author":[{"embeddable":true,"href":"https:\/\/www.pcnen.com\/portal\/wp-json\/wp\/v2\/users\/1"}],"replies":[{"embeddable":true,"href":"https:\/\/www.pcnen.com\/portal\/wp-json\/wp\/v2\/comments?post=262995"}],"version-history":[{"count":0,"href":"https:\/\/www.pcnen.com\/portal\/wp-json\/wp\/v2\/posts\/262995\/revisions"}],"wp:attachment":[{"href":"https:\/\/www.pcnen.com\/portal\/wp-json\/wp\/v2\/media?parent=262995"}],"wp:term":[{"taxonomy":"category","embeddable":true,"href":"https:\/\/www.pcnen.com\/portal\/wp-json\/wp\/v2\/categories?post=262995"},{"taxonomy":"post_tag","embeddable":true,"href":"https:\/\/www.pcnen.com\/portal\/wp-json\/wp\/v2\/tags?post=262995"}],"curies":[{"name":"wp","href":"https:\/\/api.w.org\/{rel}","templated":true}]}}