{"id":262989,"date":"2019-03-16T11:43:00","date_gmt":"2019-03-16T10:43:00","guid":{"rendered":"http:\/\/www.pcnen.com\/portal\/?p=262989"},"modified":"2019-03-16T12:05:04","modified_gmt":"2019-03-16T11:05:04","slug":"cetinje-ugostiteljima-nalozeno-da-danas-zatvore-objekte","status":"publish","type":"post","link":"https:\/\/www.pcnen.com\/portal\/2019\/03\/16\/cetinje-ugostiteljima-nalozeno-da-danas-zatvore-objekte\/","title":{"rendered":"Cetinje: Ugostiteljima nalo\u017eeno da danas zatvore objekte"},"content":{"rendered":"<p><img loading=\"lazy\" decoding=\"async\" src=\"http:\/\/www.pcnen.com\/portal\/wp-content\/uploads\/2015\/06\/ZATVORENO1-300x212.jpg\" alt=\"\" width=\"300\" height=\"212\" class=\"alignleft size-medium wp-image-183099\" \/>Komunalna policija Cetinje je nalo\u017eila ugostiteljskim objektima da obustave rad danas od sedam do 18 \u010dasova, radi bezbjednosti gostiju, za\u0161tite imovine i izbjegavanja eventualnih neprijatnih i ne\u017eeljenih situacija.<\/p>\n<p>U obavje\u0161tenju upu\u0107enom vlasnicima ugostiteljskih objekata se navodi da je takva odluka donijeta na osnovu obavje\u0161tenja OB Cetinje vezanog za bezbjednosnu procjenu u cilju sprje\u010davanja naru\u0161avanja javnog reda i mira i odr\u017eavanja bezbjednosne situacije stabilnom.<\/p>\n<p>Obavje\u0161tenje vlasnicima cetinjskih lokala dostavljeno je Vijestima.<\/p>\n<p>Na Cetinju se, na Bal\u0161i\u0107a bazaru, danas od 15 sati odr\u017eava protest Demokrata, Demosa i Crnogorske, pod sloganom GOTOV JE! NE BOJ SE.<\/p>\n","protected":false},"excerpt":{"rendered":"<p>Na Cetinju je, na Bal\u0161i\u0107a bazaru, danas u15 sati zakazan protest Demokrata, Demosa i Crnogorske.<\/p>\n","protected":false},"author":1,"featured_media":0,"comment_status":"open","ping_status":"closed","sticky":false,"template":"","format":"standard","meta":{"_seopress_robots_primary_cat":"","_seopress_titles_title":"","_seopress_titles_desc":"","_seopress_robots_index":"","_et_pb_use_builder":"","_et_pb_old_content":"","_et_gb_content_width":"","inline_featured_image":false,"footnotes":""},"categories":[14,12],"tags":[],"class_list":["post-262989","post","type-post","status-publish","format-standard","hentry","category-vijesti","category-prica-dana"],"_links":{"self":[{"href":"https:\/\/www.pcnen.com\/portal\/wp-json\/wp\/v2\/posts\/262989","targetHints":{"allow":["GET"]}}],"collection":[{"href":"https:\/\/www.pcnen.com\/portal\/wp-json\/wp\/v2\/posts"}],"about":[{"href":"https:\/\/www.pcnen.com\/portal\/wp-json\/wp\/v2\/types\/post"}],"author":[{"embeddable":true,"href":"https:\/\/www.pcnen.com\/portal\/wp-json\/wp\/v2\/users\/1"}],"replies":[{"embeddable":true,"href":"https:\/\/www.pcnen.com\/portal\/wp-json\/wp\/v2\/comments?post=262989"}],"version-history":[{"count":0,"href":"https:\/\/www.pcnen.com\/portal\/wp-json\/wp\/v2\/posts\/262989\/revisions"}],"wp:attachment":[{"href":"https:\/\/www.pcnen.com\/portal\/wp-json\/wp\/v2\/media?parent=262989"}],"wp:term":[{"taxonomy":"category","embeddable":true,"href":"https:\/\/www.pcnen.com\/portal\/wp-json\/wp\/v2\/categories?post=262989"},{"taxonomy":"post_tag","embeddable":true,"href":"https:\/\/www.pcnen.com\/portal\/wp-json\/wp\/v2\/tags?post=262989"}],"curies":[{"name":"wp","href":"https:\/\/api.w.org\/{rel}","templated":true}]}}