{"id":262987,"date":"2019-03-16T10:51:02","date_gmt":"2019-03-16T09:51:02","guid":{"rendered":"http:\/\/www.pcnen.com\/portal\/?p=262987"},"modified":"2019-03-16T13:20:53","modified_gmt":"2019-03-16T12:20:53","slug":"sad-uvodi-sankcije-istraziteljima-suda-u-hagu","status":"publish","type":"post","link":"https:\/\/www.pcnen.com\/portal\/2019\/03\/16\/sad-uvodi-sankcije-istraziteljima-suda-u-hagu\/","title":{"rendered":"SAD uvodi sankcije istra\u017eiteljima suda u Hagu"},"content":{"rendered":"<p><img loading=\"lazy\" decoding=\"async\" src=\"http:\/\/www.pcnen.com\/portal\/wp-content\/uploads\/2014\/07\/sankcije-300x199.jpg\" alt=\"\" width=\"300\" height=\"199\" class=\"alignleft size-medium wp-image-153768\" \/>Dr\u017eavni sekretar SAD Majk Pompeo je najavio sankcije \u010dlanovima Me\u0111unarodnog krivi\u010dnog suda, koji se bave istragom mogu\u0107ih ratnih zlo\u010dina ameri\u010dkih snaga ili njihovih saveznika u Avganistanu.<\/p>\n<p>Pompeo je rekao da \u0107e \u010dlanovima tog suda UN biti ukinute vize, ve\u0107 da \u0107e biti sprovedene i dodatne mjere, uklju\u010duju\u0107i ekonomske sankcije, ako Me\u0111unarodni krivi\u010dni sud ne promijeni svoj kurs.<\/p>\n<p>Sud sa sjedi\u0161tem u Hagu odgovorio je da je to nezavisna i nepristrasna institucija i da \u0107e da nastavi sa radom, bez obzira na mjere Va\u0161ingtona, prenosi Rojters.<\/p>\n<p>Organizacija Hjuman rajts vo\u010d ocijenila je da je odluka Va\u0161ingtona &#8220;nasilan poku\u0161aj ka\u017enjavanja istra\u017eitelja&#8221; suda.<\/p>\n<p>U novembru 2017. godine, istra\u017eitelji Me\u0111unarodnog krivi\u010dnog suda zatra\u017eili su odobrenje da pokrenu istragu o navodnim zlo\u010dinima po\u010dinjenim u Avganistanu od 1. maja 2003. godine, uklju\u010duju\u0107i i u zemljama gdje su dr\u017eani zatvorenici CIA.<\/p>\n","protected":false},"excerpt":{"rendered":"<p>Dr\u017eavni sekretar SAD Majk Pompeo je najavio sankcije \u010dlanovima Me\u0111unarodnog krivi\u010dnog suda, koji se bave istragom mogu\u0107ih ratnih zlo\u010dina ameri\u010dkih snaga ili njihovih saveznika u Avganistanu. Pompeo je rekao da \u0107e \u010dlanovima tog suda UN biti ukinute vize, ve\u0107 da \u0107e biti sprovedene i dodatne mjere, uklju\u010duju\u0107i ekonomske sankcije, ako Me\u0111unarodni krivi\u010dni sud ne promijeni [&hellip;]<\/p>\n","protected":false},"author":1,"featured_media":0,"comment_status":"open","ping_status":"closed","sticky":false,"template":"","format":"standard","meta":{"_seopress_robots_primary_cat":"","_seopress_titles_title":"","_seopress_titles_desc":"","_seopress_robots_index":"","_et_pb_use_builder":"","_et_pb_old_content":"","_et_gb_content_width":"","inline_featured_image":false,"footnotes":""},"categories":[14,12],"tags":[],"class_list":["post-262987","post","type-post","status-publish","format-standard","hentry","category-vijesti","category-prica-dana"],"_links":{"self":[{"href":"https:\/\/www.pcnen.com\/portal\/wp-json\/wp\/v2\/posts\/262987","targetHints":{"allow":["GET"]}}],"collection":[{"href":"https:\/\/www.pcnen.com\/portal\/wp-json\/wp\/v2\/posts"}],"about":[{"href":"https:\/\/www.pcnen.com\/portal\/wp-json\/wp\/v2\/types\/post"}],"author":[{"embeddable":true,"href":"https:\/\/www.pcnen.com\/portal\/wp-json\/wp\/v2\/users\/1"}],"replies":[{"embeddable":true,"href":"https:\/\/www.pcnen.com\/portal\/wp-json\/wp\/v2\/comments?post=262987"}],"version-history":[{"count":0,"href":"https:\/\/www.pcnen.com\/portal\/wp-json\/wp\/v2\/posts\/262987\/revisions"}],"wp:attachment":[{"href":"https:\/\/www.pcnen.com\/portal\/wp-json\/wp\/v2\/media?parent=262987"}],"wp:term":[{"taxonomy":"category","embeddable":true,"href":"https:\/\/www.pcnen.com\/portal\/wp-json\/wp\/v2\/categories?post=262987"},{"taxonomy":"post_tag","embeddable":true,"href":"https:\/\/www.pcnen.com\/portal\/wp-json\/wp\/v2\/tags?post=262987"}],"curies":[{"name":"wp","href":"https:\/\/api.w.org\/{rel}","templated":true}]}}