{"id":262962,"date":"2019-03-16T06:47:57","date_gmt":"2019-03-16T05:47:57","guid":{"rendered":"http:\/\/www.pcnen.com\/portal\/?p=262962"},"modified":"2019-03-16T20:49:53","modified_gmt":"2019-03-16T19:49:53","slug":"danas-peti-protest-odupri-se-97-000","status":"publish","type":"post","link":"https:\/\/www.pcnen.com\/portal\/2019\/03\/16\/danas-peti-protest-odupri-se-97-000\/","title":{"rendered":"Danas peti protest &#8216;Odupri se &#8211; 97.000&#8217;"},"content":{"rendered":"<p><img loading=\"lazy\" decoding=\"async\" class=\"alignleft size-medium wp-image-262963\" src=\"http:\/\/www.pcnen.com\/portal\/wp-content\/uploads\/2019\/03\/odupri-se-300x104.jpg\" alt=\"\" width=\"300\" height=\"104\" \/>Peti protest gra\u0111anskog pokreta &#8220;Odupri se &#8211; 97.000&#8221; bi\u0107e odr\u017ean danas, 16. marta, na Trgu nezavisnosti u Podgorici. a po\u010detak je, kao i ranije, predvi\u0111en za 18.00 sati.<\/p>\n<p>&#8220;Sa Trga nezavisnih gra\u0111ana poru\u010dimo im: Otpor ne\u0107e stati!&#8221;, re\u010deno je u saop\u0161tenju organizatora protesta.<\/p>\n<p>Nakog okupljanja na Trgu i govora, predvi\u0111ena je protestna \u0161etnja Ulicom slobode ka stadionu, Bulevarom Ivana Crnojevi\u0107a, Ulicom Stanka Dragojevi\u0107a, Bulevarom Svetog Petra Cetinjskog i nazad Ulicom slobode do Trga nezavisnosti.<\/p>\n<blockquote><p>&#8220;Pozivamo sve slobodne ljude da se pridru\u017ee u \u0161to ve\u0107em broju, jer je to jedini na\u010din da budu ispunjeni zahtjevi gra\u0111ana za osloba\u0111anje zarobljenih institucija i korjenite promjene sistema koji ve\u0107 decenijama ne slu\u017ei njima, nego opstanku hobotnice na vlasti&#8221;, pi\u0161e u saop\u0161tenju Organizacionog odbora protesta.<\/p>\n<p>&#8220;Ovaj protest, kao i svi do sada, treba da protekne mirno, dostojanstveno i nenasilno, zato molimo sve koji do\u0111u da ne nasijedaju na eventualne provokacije. Radikalizacija protesta dovela bi jedino do radikalnih posljedica.<\/p>\n<p>Otpor se \u0161iri i sve vi\u0161e slobodnih gra\u0111ana uvi\u0111a da je ovo posljednji \u010das za istorijske promjene u cijelom dru\u0161tvu. Svi zajedno dijelimo odgovornost da do njih do\u0111e na miran i civilizovan na\u010din. Zato apelujemo na gra\u0111ane da brinu o onima koji stoje ili \u0161etaju pored njih, da \u010duvaju njihovo dostojanstvo i \u0161tite njihovo pravo na pobunu, bez obzira na to \u0161to su pojedina\u010dni uzroci nezadovoljstva razli\u010diti. Molimo ih da se s posebnim uva\u017eavanjem odnose prema starijima, zatim osobama sa invaliditetom, trudnicama i roditeljima sa djecom&#8221;.<\/p><\/blockquote>\n","protected":false},"excerpt":{"rendered":"<p>&#8220;Sa Trga nezavisnih gra\u0111ana poru\u010dimo im: Otpor ne\u0107e stati!&#8221;<\/p>\n","protected":false},"author":1,"featured_media":0,"comment_status":"open","ping_status":"closed","sticky":false,"template":"","format":"standard","meta":{"_seopress_robots_primary_cat":"","_seopress_titles_title":"","_seopress_titles_desc":"","_seopress_robots_index":"","_et_pb_use_builder":"","_et_pb_old_content":"","_et_gb_content_width":"","inline_featured_image":false,"footnotes":""},"categories":[14],"tags":[],"class_list":["post-262962","post","type-post","status-publish","format-standard","hentry","category-vijesti"],"_links":{"self":[{"href":"https:\/\/www.pcnen.com\/portal\/wp-json\/wp\/v2\/posts\/262962","targetHints":{"allow":["GET"]}}],"collection":[{"href":"https:\/\/www.pcnen.com\/portal\/wp-json\/wp\/v2\/posts"}],"about":[{"href":"https:\/\/www.pcnen.com\/portal\/wp-json\/wp\/v2\/types\/post"}],"author":[{"embeddable":true,"href":"https:\/\/www.pcnen.com\/portal\/wp-json\/wp\/v2\/users\/1"}],"replies":[{"embeddable":true,"href":"https:\/\/www.pcnen.com\/portal\/wp-json\/wp\/v2\/comments?post=262962"}],"version-history":[{"count":0,"href":"https:\/\/www.pcnen.com\/portal\/wp-json\/wp\/v2\/posts\/262962\/revisions"}],"wp:attachment":[{"href":"https:\/\/www.pcnen.com\/portal\/wp-json\/wp\/v2\/media?parent=262962"}],"wp:term":[{"taxonomy":"category","embeddable":true,"href":"https:\/\/www.pcnen.com\/portal\/wp-json\/wp\/v2\/categories?post=262962"},{"taxonomy":"post_tag","embeddable":true,"href":"https:\/\/www.pcnen.com\/portal\/wp-json\/wp\/v2\/tags?post=262962"}],"curies":[{"name":"wp","href":"https:\/\/api.w.org\/{rel}","templated":true}]}}