{"id":262946,"date":"2019-03-15T12:32:24","date_gmt":"2019-03-15T11:32:24","guid":{"rendered":"http:\/\/www.pcnen.com\/portal\/?p=262946"},"modified":"2019-03-15T12:43:19","modified_gmt":"2019-03-15T11:43:19","slug":"media-centar-rtcg-nastavlja-da-skriva-informacije-od-javnosti","status":"publish","type":"post","link":"https:\/\/www.pcnen.com\/portal\/2019\/03\/15\/media-centar-rtcg-nastavlja-da-skriva-informacije-od-javnosti\/","title":{"rendered":"Media centar: RTCG nastavlja da skriva informacije od javnosti"},"content":{"rendered":"<p><img loading=\"lazy\" decoding=\"async\" class=\"alignleft size-medium wp-image-252163\" src=\"http:\/\/www.pcnen.com\/portal\/wp-content\/uploads\/2018\/08\/Media-centar-300x188.jpg\" alt=\"\" width=\"300\" height=\"188\" \/>Media centar je dostavio danas prigovor Savjetu RTCG povodom kr\u0161enja profesionalnih principa i standarda RTCG koji se odnosi na kredibilitet.<\/p>\n<p>U Dnevniku 2 emitovanom 14. marta 2019. godine do\u0161lo je do kr\u0161enja profesionlanih pincipa i standarda RTCG neobjavljivanjem informacije iz Izvje\u0161taja o ljudskim pravima kojeg je objavio Stejt department ( https:\/\/www.state.gov\/documents\/organization\/289407.pdf).<\/p>\n<p>U prilogu emitovanom u Dnevniku 2 prenijeti su detalji iz pomenutog izvje\u0161taja ali nije prenijet dio iz Izvj\u0161taja koji se odnosi na zvani\u010dan stav Stejt departmenta u odnosu na RTCG a koji glasi: \u201c7 juna, upravlja\u010dki Savjet javnog emitera Radio i Televizija Crne Gore (RTCG) razrije\u0161io je generalnog direktora RTCG Andrijanu Kadiju. \u0160est od devet \u010dlanova Savjeta glasalo je za smjenu Kadije.<\/p>\n<p>Svih \u0161est su bili bliski vladaju\u0107oj Demokratskoj partiji socijalista (DPS). U svojoj odluci Savjet je ukazao da je RTCG nepravilno ustupio ure\u0111iva\u010dku kontrolu NVO u projektu koji finansira EU. Kadija je negirala da je EU projekat ugrozio ure\u0111iva\u010dku nezavisnost RTCG i tvrdila je da je njena jedina krivica bila apoliti\u010dan stav i posve\u0107enost da se za\u0161titi RTCG od politi\u010dke kontrole\u201d, pi\u0161e u saop\u0161tenju Media centra dostavljenom medijima.<\/p>\n<p>Tako\u0111e, u spornom prilogu nije prenijet ni dio Izvje\u0161taja koji glasi: &#8220;30 novembra, upravlja\u010dko tijelo Savjet RTCG izabrao je za novog generalnog direktora Bo\u017eidara \u0160undi\u0107a, koji tako\u0111e ima sna\u017ene veze sa DPS-om&#8221;. U ovom prilogu prekr\u0161en je profesionalni standard koji se odnosi na kredibilitet: &#8220;Informativni programi moraju ta\u010dno da prenose doga\u0111aje, podatke i izjave omogu\u0107avaju\u0107i gledaocima i slu\u0161aocima da sami formiraju stavove. Novinari i urednici su odgovrni ne samo za ono \u0161to objave ve\u0107 i za ono \u0161to pre\u0161ute a od interesa je za javnost.&#8221;<\/p>\n<p>Neobjavljivanjem ovog dijela informacije sakriven je od javnosti zvani\u010dan stav Stejt departmenta u odnosu na de\u0161avanja i funkcionisanje RTCG pod partijskom kontrolom. Postala je praksa uredni\u010dkog tima da sve neprijatme ocjene o radu RTCG sakriva od javnosti.<\/p>\n<p>Ovaj nedvosmislen stav Stejt departmenta o kontroli RTCG od strane DPS-a identi\u010dan je stavovima NVO i gra\u0111ana. Zato je potpuno opravdan zahtijev gra\u0111ana i NVO da Savjet RTCG i generalni direktor podnesu ostavke. Ukoliko i ova opomena Stejt departmenta ostane bez adekvatnog odgovora vlasti i ne bude povod za momentalnu promjene odnosa prema zarobljenoj RTCG, bi\u0107e ovo i kona\u010dan pokazatelj da vlast u Crnoj Gori ne uva\u017eava stavove klju\u010dnih me\u0111unarodnih partnera od kojih godinama unazad dobija zna\u010dajna sredstva upravo za izgradnju samostalnih i profesionalnih institucija, pi\u0161e u saop\u0161tenju.<\/p>\n","protected":false},"excerpt":{"rendered":"<p>Sakriven je od javnosti zvani\u010dan stav Stejt departmenta u odnosu na de\u0161avanja i funkcionisanje RTCG pod partijskom kontrolom<\/p>\n","protected":false},"author":1,"featured_media":0,"comment_status":"open","ping_status":"closed","sticky":false,"template":"","format":"standard","meta":{"_seopress_robots_primary_cat":"","_seopress_titles_title":"","_seopress_titles_desc":"","_seopress_robots_index":"","_et_pb_use_builder":"","_et_pb_old_content":"","_et_gb_content_width":"","inline_featured_image":false,"footnotes":""},"categories":[14,12],"tags":[],"class_list":["post-262946","post","type-post","status-publish","format-standard","hentry","category-vijesti","category-prica-dana"],"_links":{"self":[{"href":"https:\/\/www.pcnen.com\/portal\/wp-json\/wp\/v2\/posts\/262946","targetHints":{"allow":["GET"]}}],"collection":[{"href":"https:\/\/www.pcnen.com\/portal\/wp-json\/wp\/v2\/posts"}],"about":[{"href":"https:\/\/www.pcnen.com\/portal\/wp-json\/wp\/v2\/types\/post"}],"author":[{"embeddable":true,"href":"https:\/\/www.pcnen.com\/portal\/wp-json\/wp\/v2\/users\/1"}],"replies":[{"embeddable":true,"href":"https:\/\/www.pcnen.com\/portal\/wp-json\/wp\/v2\/comments?post=262946"}],"version-history":[{"count":0,"href":"https:\/\/www.pcnen.com\/portal\/wp-json\/wp\/v2\/posts\/262946\/revisions"}],"wp:attachment":[{"href":"https:\/\/www.pcnen.com\/portal\/wp-json\/wp\/v2\/media?parent=262946"}],"wp:term":[{"taxonomy":"category","embeddable":true,"href":"https:\/\/www.pcnen.com\/portal\/wp-json\/wp\/v2\/categories?post=262946"},{"taxonomy":"post_tag","embeddable":true,"href":"https:\/\/www.pcnen.com\/portal\/wp-json\/wp\/v2\/tags?post=262946"}],"curies":[{"name":"wp","href":"https:\/\/api.w.org\/{rel}","templated":true}]}}