{"id":262927,"date":"2019-03-15T09:20:07","date_gmt":"2019-03-15T08:20:07","guid":{"rendered":"http:\/\/www.pcnen.com\/portal\/?p=262927"},"modified":"2019-03-15T19:20:31","modified_gmt":"2019-03-15T18:20:31","slug":"novi-zeland-pucnjave-u-dzamijama-najmanje-49-mrtvih","status":"publish","type":"post","link":"https:\/\/www.pcnen.com\/portal\/2019\/03\/15\/novi-zeland-pucnjave-u-dzamijama-najmanje-49-mrtvih\/","title":{"rendered":"Novi Zeland: Pucnjave u d\u017eamijama, najmanje 49 mrtvih"},"content":{"rendered":"<p><img loading=\"lazy\" decoding=\"async\" class=\"alignleft size-medium wp-image-262966\" src=\"http:\/\/www.pcnen.com\/portal\/wp-content\/uploads\/2019\/03\/terorizam-novi-zeland-300x200.jpg\" alt=\"\" width=\"300\" height=\"200\" \/>\u010cetrdeset devet osoba je ubijeno, a vi\u0161e od 20 te\u0161ko ranjeno u masovnim pucnjavama na dvije d\u017eamije u Krajst\u010der\u010du na Novom Zelandu, izjavila je danas premijerka D\u017easinda Ardem.<\/p>\n<p>Ona je rekla da se ovakav doga\u0111aj mo\u017ee opisati samo &#8220;kao teroristi\u010dki napad&#8221;.<\/p>\n<p>Kako je dodala, Novi Zeland podigao je stepen bezbjednosne prijetnje na najvi\u0161i nivo, prenosi BBC.<\/p>\n<p>Potvrdila je da su u pritvoru \u010detiri osobe sa ekstrimisti\u010dkim stavovima, ali da nisu bili ni na jednoj policijskoj listi sumnjivih.<\/p>\n<p>&#8220;Situacija je veoma ozbiljna i te\u0161ka&#8221;, rekao je policijski komesar novozelandske policije Majk Bu\u0161.<\/p>\n<p>On je dodao da su \u010detiri osobe u pritvoru.<\/p>\n<p>&#8220;Rije\u010d je o trojici mu\u0161karaca i jednoj \u017eeni&#8221;, rekao je Bu\u0161 novinarima u Velingtonu, prenosi Rojters.<\/p>\n<p>Pucnjave su se dogodile tokom molitve petkom a u d\u017eamijama je bio veliki broj vjernika.<\/p>\n<p>https:\/\/youtube.com\/watch?v=zcSFszuWlNU<\/p>\n","protected":false},"excerpt":{"rendered":"<p>\u010cetrdeset devet osoba je ubijeno, a vi\u0161e od 20 te\u0161ko ranjeno u masovnim pucnjavama na dvije d\u017eamije u Krajst\u010der\u010du na Novom Zelandu, izjavila je danas premijerka D\u017easinda Ardem. Ona je rekla da se ovakav doga\u0111aj mo\u017ee opisati samo &#8220;kao teroristi\u010dki napad&#8221;. Kako je dodala, Novi Zeland podigao je stepen bezbjednosne prijetnje na najvi\u0161i nivo, prenosi [&hellip;]<\/p>\n","protected":false},"author":1,"featured_media":0,"comment_status":"open","ping_status":"closed","sticky":false,"template":"","format":"standard","meta":{"_seopress_robots_primary_cat":"","_seopress_titles_title":"","_seopress_titles_desc":"","_seopress_robots_index":"","_et_pb_use_builder":"","_et_pb_old_content":"","_et_gb_content_width":"","inline_featured_image":false,"footnotes":""},"categories":[14,12],"tags":[],"class_list":["post-262927","post","type-post","status-publish","format-standard","hentry","category-vijesti","category-prica-dana"],"_links":{"self":[{"href":"https:\/\/www.pcnen.com\/portal\/wp-json\/wp\/v2\/posts\/262927","targetHints":{"allow":["GET"]}}],"collection":[{"href":"https:\/\/www.pcnen.com\/portal\/wp-json\/wp\/v2\/posts"}],"about":[{"href":"https:\/\/www.pcnen.com\/portal\/wp-json\/wp\/v2\/types\/post"}],"author":[{"embeddable":true,"href":"https:\/\/www.pcnen.com\/portal\/wp-json\/wp\/v2\/users\/1"}],"replies":[{"embeddable":true,"href":"https:\/\/www.pcnen.com\/portal\/wp-json\/wp\/v2\/comments?post=262927"}],"version-history":[{"count":0,"href":"https:\/\/www.pcnen.com\/portal\/wp-json\/wp\/v2\/posts\/262927\/revisions"}],"wp:attachment":[{"href":"https:\/\/www.pcnen.com\/portal\/wp-json\/wp\/v2\/media?parent=262927"}],"wp:term":[{"taxonomy":"category","embeddable":true,"href":"https:\/\/www.pcnen.com\/portal\/wp-json\/wp\/v2\/categories?post=262927"},{"taxonomy":"post_tag","embeddable":true,"href":"https:\/\/www.pcnen.com\/portal\/wp-json\/wp\/v2\/tags?post=262927"}],"curies":[{"name":"wp","href":"https:\/\/api.w.org\/{rel}","templated":true}]}}