{"id":262925,"date":"2019-03-15T08:58:49","date_gmt":"2019-03-15T07:58:49","guid":{"rendered":"http:\/\/www.pcnen.com\/portal\/?p=262925"},"modified":"2019-03-15T09:26:27","modified_gmt":"2019-03-15T08:26:27","slug":"abazovic-pisao-stajnmajeru-u-posjetu-vam-dolazi-korumpirani-autokrata","status":"publish","type":"post","link":"https:\/\/www.pcnen.com\/portal\/2019\/03\/15\/abazovic-pisao-stajnmajeru-u-posjetu-vam-dolazi-korumpirani-autokrata\/","title":{"rendered":"Abazovi\u0107 pisao \u0160tajnmajeru: U posjetu vam dolazi korumpirani autokrata"},"content":{"rendered":"<p><img loading=\"lazy\" decoding=\"async\" src=\"http:\/\/www.pcnen.com\/portal\/wp-content\/uploads\/2018\/05\/Dritan-Abazovic-300x211.jpg\" alt=\"\" width=\"300\" height=\"211\" class=\"alignleft size-medium wp-image-246784\" \/>Predsjednik Gra\u0111anskog pokreta URA, dr Dritan Abazovi\u0107 pisao je njema\u010dkom predsjedniku Frank-Valter \u0160tajnmajeru u susret posjeti aktuelnog predsjednika Crne Gore Mila \u0110ukanovi\u0107a Njema\u010dkoj, koja je planirana za ponedjeljak, 18. mart.<\/p>\n<p>\u201cKao po\u0161tovaoci Njema\u010dke, njenih demokratskih tekovina i konstruktivne liderske uloge u svijetu, sa velikim iznena\u0111enjem smo primili vijest da \u0107ete 18. marta 2019. primiti u zvani\u010dnu posjetu predsjednika Crne Gore Mila \u0110ukanovi\u0107a. \u010covjeka kojeg sa pravom bije glas da je korumpirani autokrata koji ve\u0107 trideset godina uspje\u0161no spre\u010dava pad posljednjeg  &#8216;Berlinskog zida&#8217; u Evropi\u201d, stoji u pismu Abazovi\u0107a, proslije\u0111enom medijima.<\/p>\n<p>On  \u0160tajnmajeru poru\u010duje da \u201cve\u0107 nedjeljama ogroman broj gra\u0111ana i predstavnika civilnog dru\u0161tva, kao i \u010ditava crnogorska opozicija, protestuju na ulicama i bojkotuju institucije sa namjerom da u tome istraju sve dok se ne ukine autoritarni model vladavine koji je potpuno zarobio dr\u017eavu i sveo je na plja\u010dka\u0161ki servis vladaju\u0107e familije \u0110ukanovi\u0107\u201d. <\/p>\n<p>\u201cU nedostatku boljeg obja\u0161njenja, \u0110ukanovi\u0107 nastoji te proteste okvalifikovati kao antizapadnu diverziju, ali u tu providnu i tridesetogodi\u0161njim frazama ukomponovanu pri\u010du vi\u0161e nikoga ne uspijeva ubijediti pa se nadamo da ne\u0107e ni Vas. Dijalog sa takvim \u201cliderom\u201d ne mo\u017ee doprinijeti razvoju demokratije niti stabilnosti, ve\u0107 samo daljoj promociji diktature, rastu tenzija i nastavku agonije Crne Gore i \u010ditavog regiona\u201d, stoji u pismu Abazovi\u0107a njema\u010dkom \u0161efu dr\u017eave.<\/p>\n<p>On \u0160tajnmajeru u pismu ukazuje da bi \u201cmnogo ve\u0107i doprinos daljem  prosperitetu Crne Gore i Balkana dao uskra\u0107ivanjem najavljenog gostoprimstva \u0110ukanovi\u0107u, ili susretu sa rezervom uz kriti\u010dki osvrt na njegovu vladavinu uz poruku da je vrijeme da se povu\u010de, oslobodi insitucije i omogu\u0107i da se u Crnoj Gori po prvi put odr\u017ee slobodni izbori\u201d.  <\/p>\n<p>Abazovi\u0107 u pismo predsjedniku Njema\u010dke zaklju\u010duje ponavljanjem zahvalnosti na svemu \u0161to je njema\u010dka amdinistracija u\u010dinila za Crnu Goru. <\/p>\n<p>\u201cVjerujem da \u0107e prijateljstvo Njema\u010dke i Crne Gore biti dodatno u\u010dvr\u0161\u0107eno u budu\u0107nosti i da \u0107emo se brzo sresti u velikoj evropskoj porodici\u201d, stoji na kraju pisma.<\/p>\n","protected":false},"excerpt":{"rendered":"<p>Predsjednik Gra\u0111anskog pokreta URA, dr Dritan Abazovi\u0107 pisao je njema\u010dkom predsjedniku Frank-Valter \u0160tajnmajeru u susret posjeti aktuelnog predsjednika Crne Gore Mila \u0110ukanovi\u0107a Njema\u010dkoj, koja je planirana za ponedjeljak, 18. mart. \u201cKao po\u0161tovaoci Njema\u010dke, njenih demokratskih tekovina i konstruktivne liderske uloge u svijetu, sa velikim iznena\u0111enjem smo primili vijest da \u0107ete 18. marta 2019. primiti u [&hellip;]<\/p>\n","protected":false},"author":1,"featured_media":0,"comment_status":"open","ping_status":"closed","sticky":false,"template":"","format":"standard","meta":{"_seopress_robots_primary_cat":"","_seopress_titles_title":"","_seopress_titles_desc":"","_seopress_robots_index":"","_et_pb_use_builder":"","_et_pb_old_content":"","_et_gb_content_width":"","inline_featured_image":false,"footnotes":""},"categories":[14,12],"tags":[],"class_list":["post-262925","post","type-post","status-publish","format-standard","hentry","category-vijesti","category-prica-dana"],"_links":{"self":[{"href":"https:\/\/www.pcnen.com\/portal\/wp-json\/wp\/v2\/posts\/262925","targetHints":{"allow":["GET"]}}],"collection":[{"href":"https:\/\/www.pcnen.com\/portal\/wp-json\/wp\/v2\/posts"}],"about":[{"href":"https:\/\/www.pcnen.com\/portal\/wp-json\/wp\/v2\/types\/post"}],"author":[{"embeddable":true,"href":"https:\/\/www.pcnen.com\/portal\/wp-json\/wp\/v2\/users\/1"}],"replies":[{"embeddable":true,"href":"https:\/\/www.pcnen.com\/portal\/wp-json\/wp\/v2\/comments?post=262925"}],"version-history":[{"count":0,"href":"https:\/\/www.pcnen.com\/portal\/wp-json\/wp\/v2\/posts\/262925\/revisions"}],"wp:attachment":[{"href":"https:\/\/www.pcnen.com\/portal\/wp-json\/wp\/v2\/media?parent=262925"}],"wp:term":[{"taxonomy":"category","embeddable":true,"href":"https:\/\/www.pcnen.com\/portal\/wp-json\/wp\/v2\/categories?post=262925"},{"taxonomy":"post_tag","embeddable":true,"href":"https:\/\/www.pcnen.com\/portal\/wp-json\/wp\/v2\/tags?post=262925"}],"curies":[{"name":"wp","href":"https:\/\/api.w.org\/{rel}","templated":true}]}}