{"id":262910,"date":"2019-03-14T22:34:09","date_gmt":"2019-03-14T21:34:09","guid":{"rendered":"http:\/\/www.pcnen.com\/portal\/?p=262910"},"modified":"2019-03-14T22:35:10","modified_gmt":"2019-03-14T21:35:10","slug":"lekovic-obracanje-i-poziv-da-se-sprijeci-brukanje-rtcg","status":"publish","type":"post","link":"https:\/\/www.pcnen.com\/portal\/2019\/03\/14\/lekovic-obracanje-i-poziv-da-se-sprijeci-brukanje-rtcg\/","title":{"rendered":"Lekovi\u0107: Obra\u0107anje i poziv da se sprije\u010di brukanje RTCG"},"content":{"rendered":"<blockquote><p>Urednik emisije &#8216;Okvir&#8217; Zoran Lekovi\u0107 je podijelio sa javno\u0161\u0107u svoje obra\u0107anje Savjetu RTCG &#8220;u cilju zastite&#8221; svog &#8220;autorskog projekta&#8221;, koje je &#8220;vezano za emisiju OKVIR, koja je na programu 17.03.2019 i koju je rezirao neko van Javnog servisa ali uz ucesce i direktnu odgovornost menadzmenta, Generalnog direktora, direktora TVCG te urednice Prvog programa&#8221;<\/p><\/blockquote>\n<p><img loading=\"lazy\" decoding=\"async\" class=\"wp-image-262911 alignright\" src=\"http:\/\/www.pcnen.com\/portal\/wp-content\/uploads\/2019\/03\/Lekovic-Okvir-300x172.jpg\" alt=\"\" width=\"267\" height=\"153\" \/>&#8220;Uvazeni predsjednice i clanovi Savjeta Radija i Televizije Crne Gore<\/p>\n<p>Kao desetogodisnji autor i urednik emisije OKVIR, obavezan sam vas izvijestiti o najnovijim desavanjima oko same emisije.<\/p>\n<p>Kao sto vam je vec vjerovatno poznato, zbog smrtnog slucaja u porodici i borbe za zivot drugoc clana najuze familije, bio sam odsutan, naravno uz dopustenje menadzmenta 15 dana. Vratio sam se radnim obavezama 10.03.2019. sa temom minimalne zarade u Crnoj Gori.<\/p>\n<p>U petak, koji je prethodio toj nedjelji, direktor TVCG, gdin Slavko Djurdjic u hodniku mi je kazao da ne brinem oko teme za 17.03 jer su kako je rekao \u201eoni\u201cnasli goste i temu. Buduci da se za 10 godina nikada nije desilo da se bez mog znanja delegira i usvaja neka tema, a tek pogotovu da se izbor gostiju prepusti nekom drugom, upitao sam o kojoj temi se radi. Odgovoreno mi je da ce me o tome Djurdjic obavijestiti pocetkom ove sedmice. Tako se i desilo.<\/p>\n<p>Imao sam poziv od strane direktora Djurdjica, sinoc oko 18 sati. Tada mi je predocio da je planirana tema Okvira za 17.03. Zavrsne rijeci na sudjenju u predmetu poznatom kao pokusaj terorizma u CG na dan parlamentarnih izbora 2016. Pitao sam za spektar gostiju koji bi mogli uzeti ucesce. Djurdjic mi je na to rekao da su gosti vec obezbijedjeni, a na pitanje o kome se radi, Djurdjic nabraja:<\/p>\n<ol>\n<li>SONJA BISERKO<\/li>\n<li>NENAD CANAK\/ kasnije JE PROMIJENJENO I POZVAN JE ISTVAN KAIC, novinar<\/li>\n<li>GENADIJ SISOJEV<\/li>\n<li>I MOZDA DRAGAN SOC<\/li>\n<\/ol>\n<p>Kazao sam da nabrojani i vec dogovoreni gosti uglavnom nerelevantni na zadatu temu i insistirao sam da se promijeni sastav i da to budu strucnjaci iz Crne Gore, te da imam prigovor savjesti i da ne zelim da odradjujem temu sa ovako nametnutim, nerelevantnim u javnosti uglavnom prokazanim licnostima. Kao drugi razlog naveo sam onaj krucijalni: EMISIJA OKVIR, VOLJOM MENADZMENTA A NE MOJOM, BAVI SE EKONOMSKIM I SOCIJALNIM PITANJIMA, DAKLE TEMEMA OD SVAKODNEVNE KORISTI PO GRADJANE, te da ova tema izmedju ostalog odstupa i od koncepta emisije, ciji sam ja autor, odsjeticu vas da od Nove godine, Okvir ima sasvim novi koncept sa publikom izmedju ostalog, sto pretpostavljam da vec zasigurno znate.<\/p>\n<p>Na to mi je odgovoreno da ja odmaram, da se posvetim ocu a da ce Okvir 17.03 raditi neko drugi, pretpostavljam neko na koga ce da izvrsi pritisak.<\/p>\n<p>Imajuci u vidu da sam kao autor obavezan da zastitim svoj licni integritet, te integritet emisije Okvir i same kuce Javnog servisa RTCG, obavejastavam vas da cu u slucaju da se ovaj scenario i realizuje, biti prinudjen da se obratim javnosti&#8221;.<\/p>\n<p>Srdacan pozdrav,<\/p>\n<p>Zoran Lekovic, autor i urednik emisije Okvir<\/p>\n","protected":false},"excerpt":{"rendered":"<p>Urednik emisije &#8216;Okvir&#8217; Zoran Lekovi\u0107  te\u0161ko optu\u017eio menad\u017ement RTCG u pismu Savjetu nacionalnog javnog emitera<\/p>\n","protected":false},"author":1,"featured_media":0,"comment_status":"open","ping_status":"closed","sticky":false,"template":"","format":"standard","meta":{"_seopress_robots_primary_cat":"","_seopress_titles_title":"","_seopress_titles_desc":"","_seopress_robots_index":"","_et_pb_use_builder":"","_et_pb_old_content":"","_et_gb_content_width":"","inline_featured_image":false,"footnotes":""},"categories":[14,12],"tags":[],"class_list":["post-262910","post","type-post","status-publish","format-standard","hentry","category-vijesti","category-prica-dana"],"_links":{"self":[{"href":"https:\/\/www.pcnen.com\/portal\/wp-json\/wp\/v2\/posts\/262910","targetHints":{"allow":["GET"]}}],"collection":[{"href":"https:\/\/www.pcnen.com\/portal\/wp-json\/wp\/v2\/posts"}],"about":[{"href":"https:\/\/www.pcnen.com\/portal\/wp-json\/wp\/v2\/types\/post"}],"author":[{"embeddable":true,"href":"https:\/\/www.pcnen.com\/portal\/wp-json\/wp\/v2\/users\/1"}],"replies":[{"embeddable":true,"href":"https:\/\/www.pcnen.com\/portal\/wp-json\/wp\/v2\/comments?post=262910"}],"version-history":[{"count":0,"href":"https:\/\/www.pcnen.com\/portal\/wp-json\/wp\/v2\/posts\/262910\/revisions"}],"wp:attachment":[{"href":"https:\/\/www.pcnen.com\/portal\/wp-json\/wp\/v2\/media?parent=262910"}],"wp:term":[{"taxonomy":"category","embeddable":true,"href":"https:\/\/www.pcnen.com\/portal\/wp-json\/wp\/v2\/categories?post=262910"},{"taxonomy":"post_tag","embeddable":true,"href":"https:\/\/www.pcnen.com\/portal\/wp-json\/wp\/v2\/tags?post=262910"}],"curies":[{"name":"wp","href":"https:\/\/api.w.org\/{rel}","templated":true}]}}