{"id":262829,"date":"2019-03-13T22:26:07","date_gmt":"2019-03-13T21:26:07","guid":{"rendered":"http:\/\/www.pcnen.com\/portal\/?p=262829"},"modified":"2019-03-13T22:46:49","modified_gmt":"2019-03-13T21:46:49","slug":"dukanovic-brine-da-bi-gradani-mogli-biti-zloupotrijebljeni","status":"publish","type":"post","link":"https:\/\/www.pcnen.com\/portal\/2019\/03\/13\/dukanovic-brine-da-bi-gradani-mogli-biti-zloupotrijebljeni\/","title":{"rendered":"\u0110ukanovi\u0107 brine da bi gra\u0111ani mogli biti zloupotrijebljeni"},"content":{"rendered":"<p><img loading=\"lazy\" decoding=\"async\" class=\"alignleft size-medium wp-image-85072\" src=\"http:\/\/www.pcnen.com\/portal\/wp-content\/uploads\/2012\/05\/milo-djukanovic-foto-reuter-300x172.jpg\" alt=\"\" width=\"300\" height=\"172\" \/>Predsjednik Crne Gore Milo \u0110ukanovi\u0107 \u00a0je upozorio nezadovoljne gra\u0111ane da vode ra\u010duna o tome da ne budu zloupotrebljeni za razli\u010dite politi\u010dke interese.<\/p>\n<p>&#8220;Na ovim protestima, kao \u0161to ste vidjeli, nijesmo primijetili nijednu crnogorsku zastavu, za razliku od dr\u017eavnih zastava koje mo\u017eete vidjeti na protestima i u Srbiji i u Albaniji. Upravo zbog toga \u0161to je skup na protestima, zapravo konglomerat vrlo razli\u010ditih, naj\u010de\u0161\u0107e politi\u010dkih interesa. Ja znam da tamo ima i ljudi koji nijesu inspirisani idejom opozicionih politi\u010dkih partija, znam da ima i onih koji nijesu zadovoljni svojim egzistencijom, profesionalnim ili politi\u010dkim statusom, i to po\u0161tujem, ali upozoravam samo da svako od nas kada bude poveden nekom takvom idejom, mora voditi ra\u010duna da njegova ideja ne bude zloupotrijebljena za neke interese kojima ne pripada&#8221;, kazao je \u0110ukanovi\u0107 u <a href=\"http:\/\/www.rtcg.me\/vijesti\/politika\/233842\/spremni-za-razgovor-ali-ne-i-rusenja-i-ultimatume.html\">emisiji &#8216;Intervju&#8217;<\/a>, koju je TVCG emitovao poslije &#8216;Dnevnika 2&#8217;.<\/p>\n<p>Komentari\u0161u\u0107i gra\u0111anske proteste u Podgorici, predsjednik Crne Gore je rekao da oni nemaju gra\u0111anski karakter, jer nema socijalnih zahtjeva.<\/p>\n<p>&#8220;Zahtjevi su isklju\u010divo politi\u010dki, nijesmo \u010duli nijedan socijalni zahtjev koji karakteri\u0161e gra\u0111anske proteste. Ovdje bi gra\u0111anski karakter protestima trebalo da da okolnost \u0161to formalno frontmeni protesta nijesu lideri politi\u010dkih stranaka, nego ljudi koji su koliko do ju\u010de bili pripadnici raznih partija. I danas bi oni trebalo da budu garancija da je rije\u010d o gra\u0111anskim protestima, iako jako dobro znamo da u pozadini tih protesta stoje politi\u010dke partije, ne samo logistikom nego i politi\u010dkim idejama&#8221;, rekao je \u0110ukanovi\u0107.<\/p>\n<p>On je dodao da politzi\u010dke ideje koje karakteri\u0161u proteste artikuli\u0161u parapoliti\u010dke strukture, one koje godinama &#8220;kreiraju ideju nasilne promjene vlasti&#8221;, dodaju\u0107i im &#8220;koncern Vijesti, jo\u0161 jedan broj NVO i medija.&#8221;<\/p>\n<p>&#8220;Njihov cilj je nedemokratska smjena vlasti,&#8221; ocijenio je \u0110ukanovi\u0107.<\/p>\n<p>Sa \u0110ukanovi\u0107em je razgovarala novinarka Tamara Nik\u010devi\u0107, koja nije, barem do skoro, radila u nacionalnoj javnoj televiziji. Ona nije postavila ni jedno pitanje koje se ticalo korumpiranosti predsjednika Crne Gore, nezakonitog finansiranja partije na \u010dijem je \u010delu i njegove poslovne bliskosti sa biznismenom Du\u0161kom Kne\u017eevi\u0107em prethodnih godina.<\/p>\n","protected":false},"excerpt":{"rendered":"<p>&#8220;Na ovim protestima, kao \u0161to ste vidjeli, nijesmo primijetili nijednu crnogorsku zastavu, za razliku od dr\u017eavnih zastava koje mo\u017eete vidjeti na protestima i u Srbiji i u Albaniji&#8221;<\/p>\n","protected":false},"author":1,"featured_media":0,"comment_status":"open","ping_status":"closed","sticky":false,"template":"","format":"standard","meta":{"_seopress_robots_primary_cat":"","_seopress_titles_title":"","_seopress_titles_desc":"","_seopress_robots_index":"","_et_pb_use_builder":"","_et_pb_old_content":"","_et_gb_content_width":"","inline_featured_image":false,"footnotes":""},"categories":[14,12],"tags":[],"class_list":["post-262829","post","type-post","status-publish","format-standard","hentry","category-vijesti","category-prica-dana"],"_links":{"self":[{"href":"https:\/\/www.pcnen.com\/portal\/wp-json\/wp\/v2\/posts\/262829","targetHints":{"allow":["GET"]}}],"collection":[{"href":"https:\/\/www.pcnen.com\/portal\/wp-json\/wp\/v2\/posts"}],"about":[{"href":"https:\/\/www.pcnen.com\/portal\/wp-json\/wp\/v2\/types\/post"}],"author":[{"embeddable":true,"href":"https:\/\/www.pcnen.com\/portal\/wp-json\/wp\/v2\/users\/1"}],"replies":[{"embeddable":true,"href":"https:\/\/www.pcnen.com\/portal\/wp-json\/wp\/v2\/comments?post=262829"}],"version-history":[{"count":0,"href":"https:\/\/www.pcnen.com\/portal\/wp-json\/wp\/v2\/posts\/262829\/revisions"}],"wp:attachment":[{"href":"https:\/\/www.pcnen.com\/portal\/wp-json\/wp\/v2\/media?parent=262829"}],"wp:term":[{"taxonomy":"category","embeddable":true,"href":"https:\/\/www.pcnen.com\/portal\/wp-json\/wp\/v2\/categories?post=262829"},{"taxonomy":"post_tag","embeddable":true,"href":"https:\/\/www.pcnen.com\/portal\/wp-json\/wp\/v2\/tags?post=262829"}],"curies":[{"name":"wp","href":"https:\/\/api.w.org\/{rel}","templated":true}]}}