{"id":262813,"date":"2019-03-13T11:25:23","date_gmt":"2019-03-13T10:25:23","guid":{"rendered":"http:\/\/www.pcnen.com\/portal\/?p=262813"},"modified":"2019-03-13T11:25:23","modified_gmt":"2019-03-13T10:25:23","slug":"kardinal-osuden-na-sest-godina-zatvora","status":"publish","type":"post","link":"https:\/\/www.pcnen.com\/portal\/2019\/03\/13\/kardinal-osuden-na-sest-godina-zatvora\/","title":{"rendered":"Kardinal osu\u0111en na \u0161est godina zatvora"},"content":{"rendered":"<p>Australijski kardinal D\u017eord\u017e Pel, nekada\u0161nji tre\u0107i \u010dovjek Vatikana koji je pao u nemilost, osu\u0111en je danas na \u0161est godina zatvora zbog seksualnog zlostavljanja dvojice dje\u010daka.<\/p>\n<p>Najvi\u0161i predstavnik Katoli\u010dke crkve koji je ikad progla\u0161en krivim za zlostavljanje maloljetnika D\u017eord\u017e Pel (77), treba da provede najmanje tri godine i osam mjeseci u zatvoru prije nego \u0161to bude mogao da tra\u017ei uslovno pu\u0161tanje na slobodu, prenosi Beta.<\/p>\n<p><iframe loading=\"lazy\" title=\"Cardinal George Pell sentenced to 6 years in prison\" width=\"1080\" height=\"608\" src=\"https:\/\/www.youtube.com\/embed\/EI9v0_Snr_U?feature=oembed\" frameborder=\"0\" allow=\"accelerometer; autoplay; clipboard-write; encrypted-media; gyroscope; picture-in-picture; web-share\" allowfullscreen><\/iframe><\/p>\n<p>Kardinal koji ka\u017ee da je nevin i koji \u0107e se \u017ealiti na presudu progla\u0161en je krivim u decembru za oralno silovanje 13-ogodi\u0161njeg de\u010daka i nepristojno opho\u0111enje sa tim dje\u010dakom i njegovim 13-ogodi\u0161njim prijateljem krajem 1990-ih, nekoliko mjeseci prije nego \u0161to je postao nadbiskup Melburna. Ta presuda je objavljena tek u februaru iz pravnih razloga.<\/p>\n<p>Sudija Piter Kid je rekao danas da je pri odre\u0111ivanju kazne uzeo u obzir &#8220;gnusne zlo\u010dine&#8221; koje je sve\u0161tenik po\u010dinio. On je tako\u0111e rekao da je imao u vidu njegovu starost, sr\u010dane probleme i \u010dinjenicu da je osim toga vodio \u017eivot bez zamjerki.<\/p>\n<p>Sudija Kid je rekao\u00a0 da je Pel zloupotrijebio svoj polo\u017eaj mo\u0107i i nije pokazao kajanje za svoja djela. On je opisao njegove napade kao &#8220;degradiraju\u0107e i poni\u017eavanjuu\u0107e&#8221; za njegove \u017ertve.<\/p>\n<p>Jedan od Pelovih \u017ertava je ocijenio da je presuda pa\u017eljivo odmjerena, ali je izrazio nespokoj zbog predstoje\u0107e \u017ealbe. Otac jedne od Pelovih \u017ertava koji je umro od predoziranja 2014. u 31. godini je opisao presudu kao &#8220;razo\u010daravaju\u0107u&#8221;.<\/p>\n<p>&#8220;Te\u0161ko je na\u0107i utjehu u ovoj odluci&#8221;, rekla je jedna od \u017ertava navedena samo inicijalom J, po\u0161to je po australijskom zakonu zabranjeno objavljivanje imena \u017ertva seksualnih zlo\u010dina.<\/p>\n","protected":false},"excerpt":{"rendered":"<p>Australijski kardinal D\u017eord\u017e Pel, nekada\u0161nji tre\u0107i \u010dovjek Vatikana koji je pao u nemilost, osu\u0111en je danas na \u0161est godina zatvora zbog seksualnog zlostavljanja dvojice dje\u010daka. Najvi\u0161i predstavnik Katoli\u010dke crkve koji je ikad progla\u0161en krivim za zlostavljanje maloljetnika D\u017eord\u017e Pel (77), treba da provede najmanje tri godine i osam mjeseci u zatvoru prije nego \u0161to bude [&hellip;]<\/p>\n","protected":false},"author":1,"featured_media":0,"comment_status":"open","ping_status":"closed","sticky":false,"template":"","format":"standard","meta":{"_seopress_robots_primary_cat":"","_seopress_titles_title":"","_seopress_titles_desc":"","_seopress_robots_index":"","_et_pb_use_builder":"","_et_pb_old_content":"","_et_gb_content_width":"","inline_featured_image":false,"footnotes":""},"categories":[14,12],"tags":[],"class_list":["post-262813","post","type-post","status-publish","format-standard","hentry","category-vijesti","category-prica-dana"],"_links":{"self":[{"href":"https:\/\/www.pcnen.com\/portal\/wp-json\/wp\/v2\/posts\/262813","targetHints":{"allow":["GET"]}}],"collection":[{"href":"https:\/\/www.pcnen.com\/portal\/wp-json\/wp\/v2\/posts"}],"about":[{"href":"https:\/\/www.pcnen.com\/portal\/wp-json\/wp\/v2\/types\/post"}],"author":[{"embeddable":true,"href":"https:\/\/www.pcnen.com\/portal\/wp-json\/wp\/v2\/users\/1"}],"replies":[{"embeddable":true,"href":"https:\/\/www.pcnen.com\/portal\/wp-json\/wp\/v2\/comments?post=262813"}],"version-history":[{"count":0,"href":"https:\/\/www.pcnen.com\/portal\/wp-json\/wp\/v2\/posts\/262813\/revisions"}],"wp:attachment":[{"href":"https:\/\/www.pcnen.com\/portal\/wp-json\/wp\/v2\/media?parent=262813"}],"wp:term":[{"taxonomy":"category","embeddable":true,"href":"https:\/\/www.pcnen.com\/portal\/wp-json\/wp\/v2\/categories?post=262813"},{"taxonomy":"post_tag","embeddable":true,"href":"https:\/\/www.pcnen.com\/portal\/wp-json\/wp\/v2\/tags?post=262813"}],"curies":[{"name":"wp","href":"https:\/\/api.w.org\/{rel}","templated":true}]}}