{"id":262780,"date":"2019-03-12T21:15:00","date_gmt":"2019-03-12T20:15:00","guid":{"rendered":"http:\/\/www.pcnen.com\/portal\/?p=262780"},"modified":"2019-03-12T21:40:19","modified_gmt":"2019-03-12T20:40:19","slug":"ponovo-stizu-oblaci","status":"publish","type":"post","link":"https:\/\/www.pcnen.com\/portal\/2019\/03\/12\/ponovo-stizu-oblaci\/","title":{"rendered":"Ponovo sti\u017eu oblaci"},"content":{"rendered":"<p><img loading=\"lazy\" decoding=\"async\" class=\"alignleft size-full wp-image-216613\" src=\"http:\/\/www.pcnen.com\/portal\/wp-content\/uploads\/2016\/11\/sunce_i_oblaci-e1536266216703.jpg\" alt=\"\" width=\"300\" height=\"200\" \/>U srijedu \u0107e biti malo do umjereno obla\u010dno sa du\u017eim sun\u010danim intervalima. Za kraj dana i nave\u010de najavljuje se novo naobla\u010denje, pa \u0107e u no\u0107nim satima ponegdje biti uslova za padavine.<\/p>\n<p>Po kotlinama na sjeveru Crne Gore bi\u0107e mjestimi\u010dno mogu\u0107a jutarnja magla.<\/p>\n<p>Promjenljiv vjetar bi\u0107e slab do umjeren, ali \u0107e u jutarnjim satima, ponegdje na jugoistoku, duvati umjeren do poja\u010dan sjeverac i sjeveroisto\u010dnjak.<\/p>\n<p>Jutarnja temperatura vazduha kreta\u0107e se u rasponu od -12 do 6, a najvi\u0161a dnevna od 3 do 16 stepeni.<\/p>\n<p>U Podgorici \u0107e biti malo do umjereno obla\u010dno sa du\u017eim sun\u010danim intervalima. Krajem dana ili tokom no\u0107i sti\u017ee naobla\u010denje. Vjetar \u0107e biti slab do umjeren i promjenljiv, a u ranim jutarnjim satima kratkotrajno \u0107e duvati umjeren do poja\u010dan sjeveroisto\u010dnjak.<\/p>\n<p>Jutarnja temperatura vazduha bi\u0107e oko 1, a najvi\u0161a dnevna do 14 stepeni.<\/p>\n<p><a href=\"http:\/\/www.meteo.co.me\/misc.php?text=121&amp;sektor=1&amp;grad=PLU\">Prognoza za ostale gradove.<\/a><\/p>\n","protected":false},"excerpt":{"rendered":"<p>Ponegdje \u0107e u no\u0107nim satima biti uslova za padavine<\/p>\n","protected":false},"author":1,"featured_media":0,"comment_status":"open","ping_status":"closed","sticky":false,"template":"","format":"standard","meta":{"_seopress_robots_primary_cat":"","_seopress_titles_title":"","_seopress_titles_desc":"","_seopress_robots_index":"","_et_pb_use_builder":"","_et_pb_old_content":"","_et_gb_content_width":"","inline_featured_image":false,"footnotes":""},"categories":[14,12],"tags":[],"class_list":["post-262780","post","type-post","status-publish","format-standard","hentry","category-vijesti","category-prica-dana"],"_links":{"self":[{"href":"https:\/\/www.pcnen.com\/portal\/wp-json\/wp\/v2\/posts\/262780","targetHints":{"allow":["GET"]}}],"collection":[{"href":"https:\/\/www.pcnen.com\/portal\/wp-json\/wp\/v2\/posts"}],"about":[{"href":"https:\/\/www.pcnen.com\/portal\/wp-json\/wp\/v2\/types\/post"}],"author":[{"embeddable":true,"href":"https:\/\/www.pcnen.com\/portal\/wp-json\/wp\/v2\/users\/1"}],"replies":[{"embeddable":true,"href":"https:\/\/www.pcnen.com\/portal\/wp-json\/wp\/v2\/comments?post=262780"}],"version-history":[{"count":0,"href":"https:\/\/www.pcnen.com\/portal\/wp-json\/wp\/v2\/posts\/262780\/revisions"}],"wp:attachment":[{"href":"https:\/\/www.pcnen.com\/portal\/wp-json\/wp\/v2\/media?parent=262780"}],"wp:term":[{"taxonomy":"category","embeddable":true,"href":"https:\/\/www.pcnen.com\/portal\/wp-json\/wp\/v2\/categories?post=262780"},{"taxonomy":"post_tag","embeddable":true,"href":"https:\/\/www.pcnen.com\/portal\/wp-json\/wp\/v2\/tags?post=262780"}],"curies":[{"name":"wp","href":"https:\/\/api.w.org\/{rel}","templated":true}]}}