{"id":262761,"date":"2019-03-12T15:13:09","date_gmt":"2019-03-12T14:13:09","guid":{"rendered":"http:\/\/www.pcnen.com\/portal\/?p=262761"},"modified":"2019-03-12T15:29:15","modified_gmt":"2019-03-12T14:29:15","slug":"odupri-se-97000-protestna-setnja-bez-ostajanja-na-ulici","status":"publish","type":"post","link":"https:\/\/www.pcnen.com\/portal\/2019\/03\/12\/odupri-se-97000-protestna-setnja-bez-ostajanja-na-ulici\/","title":{"rendered":"&#8216;Odupri se 97000&#8217;: Protestna \u0161etnja, bez ostajanja na ulici"},"content":{"rendered":"<p><img loading=\"lazy\" decoding=\"async\" class=\"alignleft size-full wp-image-260716\" src=\"http:\/\/www.pcnen.com\/portal\/wp-content\/uploads\/2019\/02\/protest-97000.jpg\" alt=\"\" width=\"300\" height=\"225\" srcset=\"https:\/\/www.pcnen.com\/portal\/wp-content\/uploads\/2019\/02\/protest-97000.jpg 300w, https:\/\/www.pcnen.com\/portal\/wp-content\/uploads\/2019\/02\/protest-97000-235x176.jpg 235w, https:\/\/www.pcnen.com\/portal\/wp-content\/uploads\/2019\/02\/protest-97000-75x56.jpg 75w, https:\/\/www.pcnen.com\/portal\/wp-content\/uploads\/2019\/02\/protest-97000-220x165.jpg 220w\" sizes=\"(max-width: 300px) 100vw, 300px\" \/>Gra\u0111anski pokret &#8216;Odupri se 97000&#8217; je danas saop\u0161tio da se odustaje od najave da \u0107e gra\u0111ani, poslije protestne \u0161etnje u subotu 16. marta, ostati na ulicama, zbog mogu\u0107eg ugro\u017eavanja mirnog karaktera protesta.<\/p>\n<p>&#8220;Nakon indicija koje smo dobili od kredibilnih izvora iz bezbjednosnih struktura da se planiraju akcije kompromitovanja i ugro\u017eavana mirnog karaktera protesta, svjesni da takvi zabrinjavaju\u0107i planovi mogu ugroziti bezbjednost gra\u0111ana, mi organizatori protesta &#8216;Odupri se&#8217; obavje\u0161tavamo javnost da \u0107e se protest organizovati, kao \u0161to smo i rekli, u subotu 16. marta u 18 sati, a da se, iz razloga bezbjednosti, ne\u0107e organizovati ostanak na trgu, a da \u0107e o svakoj naredenoj aktivnosti javnost biti informisana narednih dana&#8221;, saop\u0161tili su organizatori protesta na dana\u0161njoj konferenciji za novinare, prenosi FOS media.<\/p>\n<p>Oni su poru\u010dili da im je bezbjednost gra\u0111ana na prvom mjestu.<\/p>\n","protected":false},"excerpt":{"rendered":"<p>Postoje ozbiljne indicija da se planiraju akcije kompromitovanja i ugro\u017eavana mirnog karaktera protesta<\/p>\n","protected":false},"author":1,"featured_media":260716,"comment_status":"open","ping_status":"closed","sticky":false,"template":"","format":"standard","meta":{"_seopress_robots_primary_cat":"","_seopress_titles_title":"","_seopress_titles_desc":"","_seopress_robots_index":"","_et_pb_use_builder":"","_et_pb_old_content":"","_et_gb_content_width":"","inline_featured_image":false,"footnotes":""},"categories":[14,12],"tags":[],"class_list":["post-262761","post","type-post","status-publish","format-standard","has-post-thumbnail","hentry","category-vijesti","category-prica-dana"],"_links":{"self":[{"href":"https:\/\/www.pcnen.com\/portal\/wp-json\/wp\/v2\/posts\/262761","targetHints":{"allow":["GET"]}}],"collection":[{"href":"https:\/\/www.pcnen.com\/portal\/wp-json\/wp\/v2\/posts"}],"about":[{"href":"https:\/\/www.pcnen.com\/portal\/wp-json\/wp\/v2\/types\/post"}],"author":[{"embeddable":true,"href":"https:\/\/www.pcnen.com\/portal\/wp-json\/wp\/v2\/users\/1"}],"replies":[{"embeddable":true,"href":"https:\/\/www.pcnen.com\/portal\/wp-json\/wp\/v2\/comments?post=262761"}],"version-history":[{"count":0,"href":"https:\/\/www.pcnen.com\/portal\/wp-json\/wp\/v2\/posts\/262761\/revisions"}],"wp:featuredmedia":[{"embeddable":true,"href":"https:\/\/www.pcnen.com\/portal\/wp-json\/wp\/v2\/media\/260716"}],"wp:attachment":[{"href":"https:\/\/www.pcnen.com\/portal\/wp-json\/wp\/v2\/media?parent=262761"}],"wp:term":[{"taxonomy":"category","embeddable":true,"href":"https:\/\/www.pcnen.com\/portal\/wp-json\/wp\/v2\/categories?post=262761"},{"taxonomy":"post_tag","embeddable":true,"href":"https:\/\/www.pcnen.com\/portal\/wp-json\/wp\/v2\/tags?post=262761"}],"curies":[{"name":"wp","href":"https:\/\/api.w.org\/{rel}","templated":true}]}}