{"id":262749,"date":"2019-03-12T12:56:50","date_gmt":"2019-03-12T11:56:50","guid":{"rendered":"http:\/\/www.pcnen.com\/portal\/?p=262749"},"modified":"2019-03-12T12:56:50","modified_gmt":"2019-03-12T11:56:50","slug":"kako-je-kompanija-celebic-bez-tendera-kupila-vise-od-165-hiljada-m2-drzavnog-zemljista","status":"publish","type":"post","link":"https:\/\/www.pcnen.com\/portal\/2019\/03\/12\/kako-je-kompanija-celebic-bez-tendera-kupila-vise-od-165-hiljada-m2-drzavnog-zemljista\/","title":{"rendered":"Kako je kompanija &#8216;\u010celebi\u0107&#8217; bez tendera kupila vi\u0161e od 165 hiljada m2 dr\u017eavnog zemlji\u0161ta"},"content":{"rendered":"<p><img loading=\"lazy\" decoding=\"async\" class=\"alignleft size-full wp-image-229832\" src=\"http:\/\/www.pcnen.com\/portal\/wp-content\/uploads\/2017\/07\/korupcija-e1550605610371.jpg\" alt=\"\" width=\"300\" height=\"217\" \/>Kompanija &#8216;\u010celebi\u0107&#8217; je sredinom pro\u0161le godine i zvani\u010dno na svoje ime uknji\u017eila\u00a0 vi\u0161e od 165.000 m<sup>2<\/sup> dr\u017eavnog gra\u0111evinskog zemlji\u0161ta u Donjoj Gorici, \u010dime je kona\u010dno i\u00a0 ostvaren plan da se ovoj kompaniji omogu\u0107i sticanje vrijedne imovine bez raspisivanja javnog tendera, kako pokazuje dokumentacija do koje je do\u0161ao Istra\u017eiva\u010dki centar Mre\u017ee za afirmaciju nevladinog sektora (MANS).<\/p>\n<p>Kompanija &#8216;\u010celebi\u0107&#8217;, Uprava za imovinu i dr\u017eavni katastar su zaobi\u0161li zakonsku obavezu prodaje dr\u017eavne imovine na tenderu, na isti na\u010din kako je to, u slu\u010daju kompanije &#8216;Carine&#8217;, svojevremeno uradio biv\u0161i gradona\u010delnik Podgorice Miomir Mugo\u0161a, kome se sada sudi pred crnogorskim sudovima zbog milionske \u0161tete po dr\u017eavni bud\u017eet.<\/p>\n<p><a href=\"http:\/\/www.mans.co.me\/kako-je-kompanija-celebic-bez-tendera-kupila-preko-165-hiljada-m2-drzavnog-zemljista\/\">Prema podacima MANS-a<\/a>, Tomislav \u010celebi\u0107, vlasnik kompanije &#8216;\u010celebi\u0107&#8217; i blizak poslovni partner aktuelnog predsjednika dr\u017eave Mila \u0110ukanovi\u0107a, je svoj plan po\u010deo da sprovodi jo\u0161 krajem 2013. godine kada je na brdu Mihinja od mje\u0161tana kupio parcelu od 1200 m2, koja se grani\u010dila sa neuporedivo ve\u0107om dr\u017eavnom parcelom.<\/p>\n","protected":false},"excerpt":{"rendered":"<p>Kompanija &#8216;\u010celebi\u0107&#8217; je sredinom pro\u0161le godine i zvani\u010dno na svoje ime uknji\u017eila\u00a0 vi\u0161e od 165.000 m2 dr\u017eavnog gra\u0111evinskog zemlji\u0161ta u Donjoj Gorici, \u010dime je kona\u010dno i\u00a0 ostvaren plan da se ovoj kompaniji omogu\u0107i sticanje vrijedne imovine bez raspisivanja javnog tendera, kako pokazuje dokumentacija do koje je do\u0161ao Istra\u017eiva\u010dki centar Mre\u017ee za afirmaciju nevladinog sektora (MANS). [&hellip;]<\/p>\n","protected":false},"author":1,"featured_media":0,"comment_status":"open","ping_status":"closed","sticky":false,"template":"","format":"standard","meta":{"_seopress_robots_primary_cat":"","_seopress_titles_title":"","_seopress_titles_desc":"","_seopress_robots_index":"","_et_pb_use_builder":"","_et_pb_old_content":"","_et_gb_content_width":"","inline_featured_image":false,"footnotes":""},"categories":[14,12],"tags":[],"class_list":["post-262749","post","type-post","status-publish","format-standard","hentry","category-vijesti","category-prica-dana"],"_links":{"self":[{"href":"https:\/\/www.pcnen.com\/portal\/wp-json\/wp\/v2\/posts\/262749","targetHints":{"allow":["GET"]}}],"collection":[{"href":"https:\/\/www.pcnen.com\/portal\/wp-json\/wp\/v2\/posts"}],"about":[{"href":"https:\/\/www.pcnen.com\/portal\/wp-json\/wp\/v2\/types\/post"}],"author":[{"embeddable":true,"href":"https:\/\/www.pcnen.com\/portal\/wp-json\/wp\/v2\/users\/1"}],"replies":[{"embeddable":true,"href":"https:\/\/www.pcnen.com\/portal\/wp-json\/wp\/v2\/comments?post=262749"}],"version-history":[{"count":0,"href":"https:\/\/www.pcnen.com\/portal\/wp-json\/wp\/v2\/posts\/262749\/revisions"}],"wp:attachment":[{"href":"https:\/\/www.pcnen.com\/portal\/wp-json\/wp\/v2\/media?parent=262749"}],"wp:term":[{"taxonomy":"category","embeddable":true,"href":"https:\/\/www.pcnen.com\/portal\/wp-json\/wp\/v2\/categories?post=262749"},{"taxonomy":"post_tag","embeddable":true,"href":"https:\/\/www.pcnen.com\/portal\/wp-json\/wp\/v2\/tags?post=262749"}],"curies":[{"name":"wp","href":"https:\/\/api.w.org\/{rel}","templated":true}]}}