{"id":262742,"date":"2019-03-12T10:15:30","date_gmt":"2019-03-12T09:15:30","guid":{"rendered":"http:\/\/www.pcnen.com\/portal\/?p=262742"},"modified":"2019-03-12T10:15:30","modified_gmt":"2019-03-12T09:15:30","slug":"iran-dobitnica-nagrade-saharov-osudena-na-dugu-robiju-i-bicevanje","status":"publish","type":"post","link":"https:\/\/www.pcnen.com\/portal\/2019\/03\/12\/iran-dobitnica-nagrade-saharov-osudena-na-dugu-robiju-i-bicevanje\/","title":{"rendered":"Iran: Dobitnica nagrade &#8216;Saharov&#8217; osu\u0111ena na dugu robiju i bi\u010devanje"},"content":{"rendered":"<p><img loading=\"lazy\" decoding=\"async\" class=\"alignleft size-full wp-image-262743\" src=\"http:\/\/www.pcnen.com\/portal\/wp-content\/uploads\/2019\/03\/nasrin-sotoudeh.jpg\" alt=\"\" width=\"300\" height=\"211\" srcset=\"https:\/\/www.pcnen.com\/portal\/wp-content\/uploads\/2019\/03\/nasrin-sotoudeh.jpg 300w, https:\/\/www.pcnen.com\/portal\/wp-content\/uploads\/2019\/03\/nasrin-sotoudeh-235x165.jpg 235w, https:\/\/www.pcnen.com\/portal\/wp-content\/uploads\/2019\/03\/nasrin-sotoudeh-75x53.jpg 75w, https:\/\/www.pcnen.com\/portal\/wp-content\/uploads\/2019\/03\/nasrin-sotoudeh-220x155.jpg 220w\" sizes=\"(max-width: 300px) 100vw, 300px\" \/>Istaknuta iranska advokatica i borkinja za ljudska prava Nasrin Sotoudeh osu\u0111ena je u Teheranu na ukupno 38 godina zatvora i 148 udaraca bi\u010dem, saop\u0161tila je njena porodica, prenose agencije.<\/p>\n<p>Advokatica je optu\u017eena za nekoliko krivi\u010dnih djela vezanih za nacionalnu bezbjednost. Ona negira da je po\u010dinila sva ta dela.<\/p>\n<p>\u201cNasrin Sotoudeh je posvetila \u017eivot odbrani prava \u017eena i borbi protiv smrtne kazne,\u201c izjavio je Filip Luter iz Amnesti Interne\u0161nela.<\/p>\n<p>Ona je optu\u017eena za \u0161irenje informacija protiv dr\u017eave, vrije\u0111anje vrhovnog vo\u0111e Irana i \u0161pijuniranje.<\/p>\n<p>Nasrin Sotoudeh je jedna od sedmoro advokata za ljudska prava koji su uhap\u0161eni u Iranu pro\u0161le godine.<\/p>\n<p>Ona je i biv\u0161a politi\u010dka zatvorenica \u2013 bila je u zatvoru izme\u0111u 2010. i 2013. godine pod optu\u017ebomjer za \u0161irenje propagande i zavjere protiv dr\u017eavne bezbjednosti.<\/p>\n<p>Dok je bila u zatvoru, Evropski parlament je nagradio priznanjem &#8216;Saharov&#8217;.<\/p>\n","protected":false},"excerpt":{"rendered":"<p>Istaknuta iranska advokatica i borkinja za ljudska prava Nasrin Sotoudeh osu\u0111ena je u Teheranu na ukupno 38 godina zatvora i 148 udaraca bi\u010dem, saop\u0161tila je njena porodica, prenose agencije. Advokatica je optu\u017eena za nekoliko krivi\u010dnih djela vezanih za nacionalnu bezbjednost. Ona negira da je po\u010dinila sva ta dela. \u201cNasrin Sotoudeh je posvetila \u017eivot odbrani prava [&hellip;]<\/p>\n","protected":false},"author":1,"featured_media":262743,"comment_status":"open","ping_status":"closed","sticky":false,"template":"","format":"standard","meta":{"_seopress_robots_primary_cat":"","_seopress_titles_title":"","_seopress_titles_desc":"","_seopress_robots_index":"","_et_pb_use_builder":"","_et_pb_old_content":"","_et_gb_content_width":"","inline_featured_image":false,"footnotes":""},"categories":[14,12],"tags":[],"class_list":["post-262742","post","type-post","status-publish","format-standard","has-post-thumbnail","hentry","category-vijesti","category-prica-dana"],"_links":{"self":[{"href":"https:\/\/www.pcnen.com\/portal\/wp-json\/wp\/v2\/posts\/262742","targetHints":{"allow":["GET"]}}],"collection":[{"href":"https:\/\/www.pcnen.com\/portal\/wp-json\/wp\/v2\/posts"}],"about":[{"href":"https:\/\/www.pcnen.com\/portal\/wp-json\/wp\/v2\/types\/post"}],"author":[{"embeddable":true,"href":"https:\/\/www.pcnen.com\/portal\/wp-json\/wp\/v2\/users\/1"}],"replies":[{"embeddable":true,"href":"https:\/\/www.pcnen.com\/portal\/wp-json\/wp\/v2\/comments?post=262742"}],"version-history":[{"count":0,"href":"https:\/\/www.pcnen.com\/portal\/wp-json\/wp\/v2\/posts\/262742\/revisions"}],"wp:featuredmedia":[{"embeddable":true,"href":"https:\/\/www.pcnen.com\/portal\/wp-json\/wp\/v2\/media\/262743"}],"wp:attachment":[{"href":"https:\/\/www.pcnen.com\/portal\/wp-json\/wp\/v2\/media?parent=262742"}],"wp:term":[{"taxonomy":"category","embeddable":true,"href":"https:\/\/www.pcnen.com\/portal\/wp-json\/wp\/v2\/categories?post=262742"},{"taxonomy":"post_tag","embeddable":true,"href":"https:\/\/www.pcnen.com\/portal\/wp-json\/wp\/v2\/tags?post=262742"}],"curies":[{"name":"wp","href":"https:\/\/api.w.org\/{rel}","templated":true}]}}