{"id":262644,"date":"2019-03-10T15:55:02","date_gmt":"2019-03-10T14:55:02","guid":{"rendered":"http:\/\/www.pcnen.com\/portal\/?p=262644"},"modified":"2020-03-01T17:06:42","modified_gmt":"2020-03-01T16:06:42","slug":"istrazivanje-gradanima-vazno-da-rtcg-bude-nezavisan","status":"publish","type":"post","link":"https:\/\/www.pcnen.com\/portal\/2019\/03\/10\/istrazivanje-gradanima-vazno-da-rtcg-bude-nezavisan\/","title":{"rendered":"Istra\u017eivanje: Gra\u0111anima va\u017eno da RTCG bude nezavisan"},"content":{"rendered":"<p>Ve\u0107ini crnogorskih gra\u0111ana je va\u017eno da nacionalni Javni servis bude nezavisan od bilo kakvih politi\u010dkih uticaja, pokazalo je istra\u017eivanje o medijskoj pismenosti op\u0161te populacije i njihovim navikama, potrebama i stavovima u odnosu na medije, prenosi agencija MINA podatke iz istra\u017eivanja koje je uradila NVO Juventas.<\/p>\n<p>Nezavisnost Radio Televizije Crne Gore (RTCG) va\u017ena je za 76,5 odsto ispitanika, od \u010dega je za 62,3 odsto to u potpunosti va\u017eno, objasnio je Mi\u0107an Andrija\u0161evi\u0107 iz Juventasa.<\/p>\n<p>\u201cMe\u0111utim, tek 25,1 odsto ispitanika smatra da je RTCG nezavisan (uglavnom ili u potpunosti) od politi\u010dkog uticaja, 36,8 odsto ispitanika vjeruje da nije, a 25,1 odsto smatra da je Javni servis djelimi\u010dno nezavisan\u201c, naveo je Andrija\u0161evi\u0107.<\/p>\n<p>S obzirom na to da je Zakonom o nacionalnom javnom emiteru propisana programska nezavisnost, kao i nezavisnost Savjeta RTCG i novinara zaposlenih u toj medijskoj ku\u0107i, veoma je zabrinjavaju\u0107e da svega svaki \u010detvrti ispitanik smatra da je Javni servis zaista nezavisan od bilo kakvih politi\u010dkih uticaja, ocijenio je Andrija\u0161evi\u0107.<\/p>\n<p>\u201cU svijetlu brojnih doga\u0111aja koji su se zbili u prethodnih godinu u vezi sa nacionalnim emiterom, mo\u017eemo zaklju\u010diti da rezultati istra\u017eivanja nijesu iznena\u0111uju\u0107i\u201c, kazao je Andrija\u0161evi\u0107.<\/p>\n<p>Ovakva percepcija gra\u0111ana, prema njegovim rije\u010dima, opominje da je neophodno preduzeti hitne mjere kako bi se obezbijedila nezavisnost RTCG i istovremeno steklo povjerenje gra\u0111ana, prenosi MINA.<\/p>\n<p>\u201cAko uzmemo u obzir i podatak da 39,3 odsto ispitanika ka\u017ee da crnogorski mediji ne informi\u0161u slobodno, ve\u0107 da podlije\u017eu politi\u010dkim i ekonomskim uticajima, potreba da Javni servis bude nezavisan, te da postavi standard profesionalnosti za sve druge medije u Crnoj Gori, dodatno dobija na zna\u010daju\u201c, istakao je Andrija\u0161evi\u0107.<\/p>\n<p>On smatra da jedino nacionalni emiter oslobo\u0111en bilo kakvih politi\u010dkih uticaja mo\u017ee zadovoljiti \u201cdemokratske, socijalne, kulturne, obrazovne i druge potrebe od javnog interesa svih segmenata crnogorskog dru\u0161tva i obezbijediti ostvarivanje prava i interesa gra\u0111ana i drugih subjekata u oblasti informisanja\u201c, kako je i proklamovano Zakonom.<\/p>\n<p>Istra\u017eivanje javnog mnjenja sprovedeno je u okviru projekta \u201cUnaprje\u0111enje medijske pismenosti u Crnoj Gori\u201c koji realizuju Juventas i agencija MINA, uz finansijsku podr\u0161ku Ambasade SAD.<\/p>\n<p>Anketiranje je sprovedeno od 22. novembra do 21. decembra pro\u0161le godine na uzorku od 995 ispitanika.<\/p>\n","protected":false},"excerpt":{"rendered":"<p>Samo 25,1 odsto ispitanika smatra da je RTCG nezavisan (uglavnom ili u potpunosti) od politi\u010dkog uticaja, 36,8 odsto ispitanika vjeruje da nije, a 25,1 odsto smatra da je Javni servis djelimi\u010dno nezavisan<\/p>\n","protected":false},"author":1,"featured_media":0,"comment_status":"open","ping_status":"closed","sticky":false,"template":"","format":"standard","meta":{"_seopress_robots_primary_cat":"","_seopress_titles_title":"","_seopress_titles_desc":"","_seopress_robots_index":"","_et_pb_use_builder":"","_et_pb_old_content":"","_et_gb_content_width":"","inline_featured_image":false,"footnotes":""},"categories":[14,12],"tags":[],"class_list":["post-262644","post","type-post","status-publish","format-standard","hentry","category-vijesti","category-prica-dana"],"_links":{"self":[{"href":"https:\/\/www.pcnen.com\/portal\/wp-json\/wp\/v2\/posts\/262644","targetHints":{"allow":["GET"]}}],"collection":[{"href":"https:\/\/www.pcnen.com\/portal\/wp-json\/wp\/v2\/posts"}],"about":[{"href":"https:\/\/www.pcnen.com\/portal\/wp-json\/wp\/v2\/types\/post"}],"author":[{"embeddable":true,"href":"https:\/\/www.pcnen.com\/portal\/wp-json\/wp\/v2\/users\/1"}],"replies":[{"embeddable":true,"href":"https:\/\/www.pcnen.com\/portal\/wp-json\/wp\/v2\/comments?post=262644"}],"version-history":[{"count":1,"href":"https:\/\/www.pcnen.com\/portal\/wp-json\/wp\/v2\/posts\/262644\/revisions"}],"predecessor-version":[{"id":285307,"href":"https:\/\/www.pcnen.com\/portal\/wp-json\/wp\/v2\/posts\/262644\/revisions\/285307"}],"wp:attachment":[{"href":"https:\/\/www.pcnen.com\/portal\/wp-json\/wp\/v2\/media?parent=262644"}],"wp:term":[{"taxonomy":"category","embeddable":true,"href":"https:\/\/www.pcnen.com\/portal\/wp-json\/wp\/v2\/categories?post=262644"},{"taxonomy":"post_tag","embeddable":true,"href":"https:\/\/www.pcnen.com\/portal\/wp-json\/wp\/v2\/tags?post=262644"}],"curies":[{"name":"wp","href":"https:\/\/api.w.org\/{rel}","templated":true}]}}