{"id":262619,"date":"2019-03-09T22:26:22","date_gmt":"2019-03-09T21:26:22","guid":{"rendered":"http:\/\/www.pcnen.com\/portal\/?p=262619"},"modified":"2019-03-09T22:26:22","modified_gmt":"2019-03-09T21:26:22","slug":"oblacno-ali-suvo-2","status":"publish","type":"post","link":"https:\/\/www.pcnen.com\/portal\/2019\/03\/09\/oblacno-ali-suvo-2\/","title":{"rendered":"Obla\u010dno ali suvo"},"content":{"rendered":"<p><img loading=\"lazy\" decoding=\"async\" src=\"http:\/\/www.pcnen.com\/portal\/wp-content\/uploads\/2013\/01\/trava-iva.jpg\" alt=\"\" width=\"260\" height=\"198\" class=\"alignleft size-full wp-image-102790\" \/>U Croj Gori \u0107e u nedjelju biti promjenljivo obla\u010dno sa sun\u010danim intervalima. <\/p>\n<p>Na jugu je tokom no\u0107i ponegdje mogu\u0107a slaba ki\u0161a.<\/p>\n<p>Ju\u017enih vjetar \u0107e duvati umjereno do poja\u010dano, a na sjeveru jako.<br \/>\nJutarnja temperatura vazduha kreta\u0107e se od -1 do 9, najvi\u0161a dnevna 8 do 19 stepeni.<\/p>\n<p>U Podgorici \u0107e biti promjenljivo obla\u010dno sa sun\u010danim intervalima i uglavnom suvo. <\/p>\n<p>Vjetar \u0107e biti umjeren, jugoisto\u010dni. <\/p>\n<p>Jutarnja temperatura vazduha oko 7, najvi\u0161a dnevna oko 18 stepeni.<\/p>\n<p><a href=\"http:\/\/www.meteo.co.me\/misc.php?text=121&amp;sektor=1&amp;grad=HER\">Prognoza za ostale gradove.<\/a><\/p>\n","protected":false},"excerpt":{"rendered":"<p>U Croj Gori \u0107e u nedjelju biti promjenljivo obla\u010dno sa sun\u010danim intervalima. Na jugu je tokom no\u0107i ponegdje mogu\u0107a slaba ki\u0161a. Ju\u017enih vjetar \u0107e duvati umjereno do poja\u010dano, a na sjeveru jako. Jutarnja temperatura vazduha kreta\u0107e se od -1 do 9, najvi\u0161a dnevna 8 do 19 stepeni. U Podgorici \u0107e biti promjenljivo obla\u010dno sa sun\u010danim [&hellip;]<\/p>\n","protected":false},"author":1,"featured_media":0,"comment_status":"open","ping_status":"closed","sticky":false,"template":"","format":"standard","meta":{"_seopress_robots_primary_cat":"","_seopress_titles_title":"","_seopress_titles_desc":"","_seopress_robots_index":"","_et_pb_use_builder":"","_et_pb_old_content":"","_et_gb_content_width":"","inline_featured_image":false,"footnotes":""},"categories":[14,12],"tags":[],"class_list":["post-262619","post","type-post","status-publish","format-standard","hentry","category-vijesti","category-prica-dana"],"_links":{"self":[{"href":"https:\/\/www.pcnen.com\/portal\/wp-json\/wp\/v2\/posts\/262619","targetHints":{"allow":["GET"]}}],"collection":[{"href":"https:\/\/www.pcnen.com\/portal\/wp-json\/wp\/v2\/posts"}],"about":[{"href":"https:\/\/www.pcnen.com\/portal\/wp-json\/wp\/v2\/types\/post"}],"author":[{"embeddable":true,"href":"https:\/\/www.pcnen.com\/portal\/wp-json\/wp\/v2\/users\/1"}],"replies":[{"embeddable":true,"href":"https:\/\/www.pcnen.com\/portal\/wp-json\/wp\/v2\/comments?post=262619"}],"version-history":[{"count":0,"href":"https:\/\/www.pcnen.com\/portal\/wp-json\/wp\/v2\/posts\/262619\/revisions"}],"wp:attachment":[{"href":"https:\/\/www.pcnen.com\/portal\/wp-json\/wp\/v2\/media?parent=262619"}],"wp:term":[{"taxonomy":"category","embeddable":true,"href":"https:\/\/www.pcnen.com\/portal\/wp-json\/wp\/v2\/categories?post=262619"},{"taxonomy":"post_tag","embeddable":true,"href":"https:\/\/www.pcnen.com\/portal\/wp-json\/wp\/v2\/tags?post=262619"}],"curies":[{"name":"wp","href":"https:\/\/api.w.org\/{rel}","templated":true}]}}