{"id":262598,"date":"2019-03-09T11:03:35","date_gmt":"2019-03-09T10:03:35","guid":{"rendered":"http:\/\/www.pcnen.com\/portal\/?p=262598"},"modified":"2019-03-09T15:49:37","modified_gmt":"2019-03-09T14:49:37","slug":"sprijecili-sklapanje-62-ugovorena-djecija-braka","status":"publish","type":"post","link":"https:\/\/www.pcnen.com\/portal\/2019\/03\/09\/sprijecili-sklapanje-62-ugovorena-djecija-braka\/","title":{"rendered":"Sprije\u010dili sklapanje 62 ugovorena dje\u010dija braka"},"content":{"rendered":"<p><img loading=\"lazy\" decoding=\"async\" src=\"http:\/\/www.pcnen.com\/portal\/wp-content\/uploads\/2016\/04\/razvod-prstenje-300x220.jpg\" alt=\"\" width=\"300\" height=\"220\" class=\"alignleft size-medium wp-image-202144\" \/>Romske nevladine organizacije (NVO) i crnogorske institucije, od 2014. do kraja pro\u0161le godine, sprije\u010dile su sklapanje 62 ugovorena dje\u010dja braka, kazala je izvr\u0161na direktorica Centra za romske inicijative (CRI) iz Nik\u0161i\u0107a, Fana Delija.<\/p>\n<p>Delija je jedna od najistaknutijih predstavnika Roma u Crnoj Gori, za \u0161ta je dobila i brojna priznanja, a CRI je dobitnik nagrade &#8220;Ana Lind&#8221; koju dodjeljuje \u0160vedska.<\/p>\n<p>Kako je navela, ona i njen tim u CRI su svih godina od kada ta NVO postoji prolazili kroz razne izazove, prenosi Mina objavu RSE.<\/p>\n<p>Delija je kazala da je naro\u010dito rizi\u010dno boriti se protiv dje\u010djih ugovorenih brakova u okviru romske populacije.<\/p>\n<p>\u201eRomske NVO i crnogorske institucije od 2014. do kraja pro\u0161le godine, sprije\u010dile su sklapanje 62 ugovorena braka, gdje su za udaju spremane djevoj\u010dice izme\u0111u 13 i 16 godina\u201c, rekla je Delija.<\/p>\n<p>Prema njenim rije\u010dima, na samom po\u010detku njihovog rada na sprje\u010davanju ugovorenih brakova de\u0161avalo se da budu fizi\u010dki napadnuti.<\/p>\n<p>\u201eImali smo razne prijetnje koje su nekada na \u017ealost dolazile i od romskih lidera, koji smatraju da su takvi brakovi dio romske tradicije, sa \u010dim se ja nikako ne sla\u017eem\u201c, kazala je Delija i dodala da u riziku nijesu samo aktivisti, nego i \u010dlanovi njihovih porodica.<\/p>\n<p>Ona je navela da su u dr\u017eavnoj administraciji trenutno zaposlene dvije Romkinje.<\/p>\n<p>Delija je ocijenila da je klju\u010d u obrazovanju djevojaka iz romske i egip\u0107anske populacije i da su Romkinje u Crnoj Gori osna\u017eenije da se izbore za svoja prava.<\/p>\n<p>&#8220;Ako danas imamo Romkinje koje sve vi\u0161e prijavljuju nasilje u porodici, to je veliki pomak. Pomak je i \u0161to sve vi\u0161e djevoj\u010dica poha\u0111a osnovnu i srednju \u0161kolu i fakultet. Sve su to indikatori pobolj\u0161anja polo\u017eaja unutar romske i egip\u0107anske populacije&#8221;, zaklju\u010dila je Delija.<\/p>\n","protected":false},"excerpt":{"rendered":"<p>Romske nevladine organizacije (NVO) i crnogorske institucije, od 2014. do kraja pro\u0161le godine, sprije\u010dile su sklapanje 62 ugovorena dje\u010dja braka, kazala je izvr\u0161na direktorica Centra za romske inicijative (CRI) iz Nik\u0161i\u0107a, Fana Delija. Delija je jedna od najistaknutijih predstavnika Roma u Crnoj Gori, za \u0161ta je dobila i brojna priznanja, a CRI je dobitnik nagrade [&hellip;]<\/p>\n","protected":false},"author":1,"featured_media":0,"comment_status":"open","ping_status":"closed","sticky":false,"template":"","format":"standard","meta":{"_seopress_robots_primary_cat":"","_seopress_titles_title":"","_seopress_titles_desc":"","_seopress_robots_index":"","_et_pb_use_builder":"","_et_pb_old_content":"","_et_gb_content_width":"","inline_featured_image":false,"footnotes":""},"categories":[14,12],"tags":[],"class_list":["post-262598","post","type-post","status-publish","format-standard","hentry","category-vijesti","category-prica-dana"],"_links":{"self":[{"href":"https:\/\/www.pcnen.com\/portal\/wp-json\/wp\/v2\/posts\/262598","targetHints":{"allow":["GET"]}}],"collection":[{"href":"https:\/\/www.pcnen.com\/portal\/wp-json\/wp\/v2\/posts"}],"about":[{"href":"https:\/\/www.pcnen.com\/portal\/wp-json\/wp\/v2\/types\/post"}],"author":[{"embeddable":true,"href":"https:\/\/www.pcnen.com\/portal\/wp-json\/wp\/v2\/users\/1"}],"replies":[{"embeddable":true,"href":"https:\/\/www.pcnen.com\/portal\/wp-json\/wp\/v2\/comments?post=262598"}],"version-history":[{"count":0,"href":"https:\/\/www.pcnen.com\/portal\/wp-json\/wp\/v2\/posts\/262598\/revisions"}],"wp:attachment":[{"href":"https:\/\/www.pcnen.com\/portal\/wp-json\/wp\/v2\/media?parent=262598"}],"wp:term":[{"taxonomy":"category","embeddable":true,"href":"https:\/\/www.pcnen.com\/portal\/wp-json\/wp\/v2\/categories?post=262598"},{"taxonomy":"post_tag","embeddable":true,"href":"https:\/\/www.pcnen.com\/portal\/wp-json\/wp\/v2\/tags?post=262598"}],"curies":[{"name":"wp","href":"https:\/\/api.w.org\/{rel}","templated":true}]}}