{"id":262562,"date":"2019-03-08T17:19:43","date_gmt":"2019-03-08T16:19:43","guid":{"rendered":"http:\/\/www.pcnen.com\/portal\/?p=262562"},"modified":"2019-03-08T18:49:33","modified_gmt":"2019-03-08T17:49:33","slug":"koruska-katolicka-crkva-zabranila-misu-u-blajburgu","status":"publish","type":"post","link":"https:\/\/www.pcnen.com\/portal\/2019\/03\/08\/koruska-katolicka-crkva-zabranila-misu-u-blajburgu\/","title":{"rendered":"Koru\u0161ka Katoli\u010dka crkva zabranila misu u Blajburgu"},"content":{"rendered":"<p><img loading=\"lazy\" decoding=\"async\" class=\"alignleft size-medium wp-image-113642\" src=\"http:\/\/www.pcnen.com\/portal\/wp-content\/uploads\/2013\/05\/Blajburg-300x183.jpg\" alt=\"\" width=\"300\" height=\"183\" \/>Nakon zabrane isticanja usta\u0161kih obilje\u017eja na Bajburgu, hrvatskoj desnici je koru\u0161ka Katoli\u010dka crkva odbila je molbu Hrvatske biskupske konferencije za slu\u017eenje mise na Lojba\u0161kom polju, pored Blajburga.<\/p>\n<p>\u201eMisa na polju pored Blajburga postala je dio politi\u010dko-nacionalnog rituala koji slu\u017ei selektivnom do\u017eivljavanju i tuma\u010denju istorije\u201c, navodi se u pismu koje je potpisao sekretar Biskupije u Klangenfurtu Engelbert Gugenberger.<\/p>\n<p>On je poru\u010dio Katoli\u010dkoj crkvi u Hrvatskoj da manifestacija na Lojba\u0161kom polju, pored Blajiburga, \u0161teti ugledu cijele Katoli\u010dke crkve.<\/p>\n<p>\u201eUkupna slika ove manifestacije mogla bi, s pravom, poslu\u017eiti kao osnova da se, u slu\u010daju da se izda dozvola za odr\u017eavanje mise, Katoli\u010dkoj crkvi u Koru\u0161koj prigovori da instrumantalizuje misu u politi\u010dke svrhe, kao i nedostatak distance prema fa\u0161isti\u010dkoj ideologiji\u201c, pi\u0161e u obrazlo\u017eenju.<\/p>\n<p>U pismu se navodi da je odluka o uskra\u0107ivanju dozvole za slu\u017eenje mise, planirane 18. maja, donesena nakon &#8220;su\u0161tinske analize&#8221; pro\u0161logodi\u0161njeg skupa, kao i brojnih razgovora predstavnika biskupskih konferencija Austrije i Hrvatske.<\/p>\n<p>Iako se skup odr\u017eava na privatnom posjedu, slu\u017eenje mise zahtijeva dozvolu nadle\u017ene Katoli\u010dke crkve u Koru\u0161koj, podsje\u0107aju austrijski i hrvatski mediji.<\/p>\n<p>Austrija je od pro\u0161le godine poo\u0161trila odnos prema skupu u Blajburgu, na inicijativu nekoliko austrijskih poslanika u Evropskom parlamentu.<\/p>\n<p>Nedavno je u Austriji stupio na snagu i zakon koji zabranjuje usta\u0161ke simbole iz Nezavisne Dr\u017eave Hrvatske.<\/p>\n<p>Hrvatske organizacije, uz podr\u0161ku vlasti u Zagrebu, godinama organizuju okupljanje u Blajburgu, gdje odaju pomen mnogobrojnim usta\u0161ama i domobranima poginulim dok su bje\u017eali iz NDH, nakon zlo\u010dina po\u010dinjenih nad Srbima, \u0408evrejima, Romima i antifa\u0161istima.<\/p>\n<p>Dio evropskih medija nazvao je ta okupljanja najve\u0107im neofa\u0161isti\u010dkim manifestacijama nakon Drugog svjetskog rata.<\/p>\n","protected":false},"excerpt":{"rendered":"<p>Nakon zabrane isticanja usta\u0161kih obilje\u017eja na Bajburgu, hrvatskoj desnici je koru\u0161ka Katoli\u010dka crkva odbila je molbu Hrvatske biskupske konferencije za slu\u017eenje mise na Lojba\u0161kom polju, pored Blajburga. \u201eMisa na polju pored Blajburga postala je dio politi\u010dko-nacionalnog rituala koji slu\u017ei selektivnom do\u017eivljavanju i tuma\u010denju istorije\u201c, navodi se u pismu koje je potpisao sekretar Biskupije u Klangenfurtu [&hellip;]<\/p>\n","protected":false},"author":1,"featured_media":113642,"comment_status":"open","ping_status":"closed","sticky":false,"template":"","format":"standard","meta":{"_seopress_robots_primary_cat":"","_seopress_titles_title":"","_seopress_titles_desc":"","_seopress_robots_index":"","_et_pb_use_builder":"","_et_pb_old_content":"","_et_gb_content_width":"","inline_featured_image":false,"footnotes":""},"categories":[14,12],"tags":[],"class_list":["post-262562","post","type-post","status-publish","format-standard","has-post-thumbnail","hentry","category-vijesti","category-prica-dana"],"_links":{"self":[{"href":"https:\/\/www.pcnen.com\/portal\/wp-json\/wp\/v2\/posts\/262562","targetHints":{"allow":["GET"]}}],"collection":[{"href":"https:\/\/www.pcnen.com\/portal\/wp-json\/wp\/v2\/posts"}],"about":[{"href":"https:\/\/www.pcnen.com\/portal\/wp-json\/wp\/v2\/types\/post"}],"author":[{"embeddable":true,"href":"https:\/\/www.pcnen.com\/portal\/wp-json\/wp\/v2\/users\/1"}],"replies":[{"embeddable":true,"href":"https:\/\/www.pcnen.com\/portal\/wp-json\/wp\/v2\/comments?post=262562"}],"version-history":[{"count":0,"href":"https:\/\/www.pcnen.com\/portal\/wp-json\/wp\/v2\/posts\/262562\/revisions"}],"wp:featuredmedia":[{"embeddable":true,"href":"https:\/\/www.pcnen.com\/portal\/wp-json\/wp\/v2\/media\/113642"}],"wp:attachment":[{"href":"https:\/\/www.pcnen.com\/portal\/wp-json\/wp\/v2\/media?parent=262562"}],"wp:term":[{"taxonomy":"category","embeddable":true,"href":"https:\/\/www.pcnen.com\/portal\/wp-json\/wp\/v2\/categories?post=262562"},{"taxonomy":"post_tag","embeddable":true,"href":"https:\/\/www.pcnen.com\/portal\/wp-json\/wp\/v2\/tags?post=262562"}],"curies":[{"name":"wp","href":"https:\/\/api.w.org\/{rel}","templated":true}]}}