{"id":262505,"date":"2019-03-07T22:35:24","date_gmt":"2019-03-07T21:35:24","guid":{"rendered":"http:\/\/www.pcnen.com\/portal\/?p=262505"},"modified":"2019-03-07T22:35:50","modified_gmt":"2019-03-07T21:35:50","slug":"oblacno-bez-padavina-4","status":"publish","type":"post","link":"https:\/\/www.pcnen.com\/portal\/2019\/03\/07\/oblacno-bez-padavina-4\/","title":{"rendered":"Obla\u010dno, bez padavina"},"content":{"rendered":"<p><img loading=\"lazy\" decoding=\"async\" src=\"http:\/\/www.pcnen.com\/portal\/wp-content\/uploads\/2017\/04\/oblano-300x183.jpg\" alt=\"\" width=\"300\" height=\"183\" class=\"alignleft size-medium wp-image-224509\" \/>U petak \u0107e u Crnoj Gori biti malo do umjereno obla\u010dno sa du\u017eim sun\u010danim intervalima. Krajem dana i tokom no\u0107i u ju\u017enim i zapadnim predjelima o\u010dekuje se pove\u0107anje obla\u010dnosti.<\/p>\n<p>Vjetar \u0107e biti ju\u017eni, mjestimi\u010dno umjeren do jak. <\/p>\n<p>Jutarnja temperatura vazduha kreta\u0107e se od 1 do 11, najvi\u0161a dnevna 9 do 21 stepen.<\/p>\n<p>U Podgorici \u0107e biti prete\u017eno sun\u010dano, uz umjerenu i pove\u0107anu visoku obla\u010dnost. <\/p>\n<p>Vjetar \u0107e biti umjeren, ju\u017eni i jugoisto\u010dni. <\/p>\n<p>Jutarnja temperatura vazduha bi\u0107e oko 7, najvi\u0161a dnevna do 20 stepeni.<\/p>\n<p><a href=\"http:\/\/www.meteo.co.me\/misc.php?text=121&amp;sektor=1&amp;grad=HER\">Prognoza za ostale gradove.<\/a><\/p>\n","protected":false},"excerpt":{"rendered":"<p>U petak \u0107e u Crnoj Gori biti malo do umjereno obla\u010dno sa du\u017eim sun\u010danim intervalima. Krajem dana i tokom no\u0107i u ju\u017enim i zapadnim predjelima o\u010dekuje se pove\u0107anje obla\u010dnosti. Vjetar \u0107e biti ju\u017eni, mjestimi\u010dno umjeren do jak. Jutarnja temperatura vazduha kreta\u0107e se od 1 do 11, najvi\u0161a dnevna 9 do 21 stepen. U Podgorici \u0107e [&hellip;]<\/p>\n","protected":false},"author":1,"featured_media":0,"comment_status":"open","ping_status":"closed","sticky":false,"template":"","format":"standard","meta":{"_seopress_robots_primary_cat":"","_seopress_titles_title":"","_seopress_titles_desc":"","_seopress_robots_index":"","_et_pb_use_builder":"","_et_pb_old_content":"","_et_gb_content_width":"","inline_featured_image":false,"footnotes":""},"categories":[14,12],"tags":[],"class_list":["post-262505","post","type-post","status-publish","format-standard","hentry","category-vijesti","category-prica-dana"],"_links":{"self":[{"href":"https:\/\/www.pcnen.com\/portal\/wp-json\/wp\/v2\/posts\/262505","targetHints":{"allow":["GET"]}}],"collection":[{"href":"https:\/\/www.pcnen.com\/portal\/wp-json\/wp\/v2\/posts"}],"about":[{"href":"https:\/\/www.pcnen.com\/portal\/wp-json\/wp\/v2\/types\/post"}],"author":[{"embeddable":true,"href":"https:\/\/www.pcnen.com\/portal\/wp-json\/wp\/v2\/users\/1"}],"replies":[{"embeddable":true,"href":"https:\/\/www.pcnen.com\/portal\/wp-json\/wp\/v2\/comments?post=262505"}],"version-history":[{"count":0,"href":"https:\/\/www.pcnen.com\/portal\/wp-json\/wp\/v2\/posts\/262505\/revisions"}],"wp:attachment":[{"href":"https:\/\/www.pcnen.com\/portal\/wp-json\/wp\/v2\/media?parent=262505"}],"wp:term":[{"taxonomy":"category","embeddable":true,"href":"https:\/\/www.pcnen.com\/portal\/wp-json\/wp\/v2\/categories?post=262505"},{"taxonomy":"post_tag","embeddable":true,"href":"https:\/\/www.pcnen.com\/portal\/wp-json\/wp\/v2\/tags?post=262505"}],"curies":[{"name":"wp","href":"https:\/\/api.w.org\/{rel}","templated":true}]}}