{"id":262455,"date":"2019-03-07T10:00:14","date_gmt":"2019-03-07T09:00:14","guid":{"rendered":"http:\/\/www.pcnen.com\/portal\/?p=262455"},"modified":"2020-03-25T12:45:10","modified_gmt":"2020-03-25T11:45:10","slug":"media-centar-aem-da-sprovede-pravilnik-i-zastiti-maloljetnike-od-reality-programa","status":"publish","type":"post","link":"https:\/\/www.pcnen.com\/portal\/2019\/03\/07\/media-centar-aem-da-sprovede-pravilnik-i-zastiti-maloljetnike-od-reality-programa\/","title":{"rendered":"Media centar: AEM da sprovede pravilnik i za\u0161titi maloljetnike od &#8216;reality&#8217; programa"},"content":{"rendered":"<p>Media centar podsje\u0107a javnost na to da je AEM usvojila Pravilnik 1. februara 2019. godine, da je on objavljen u Slu\u017ebenom listu Crne Gore 6. februara i da sjutra (8. marta) treba da stupi na snagu.<\/p>\n<p>\u201cNa osnovu\u00a0 ovog Pravilnika, kablovski operateri su u obavezi da osiguraju automatsko aktiviranje mjera roditeljske kontrole takvih sadr\u017eaja ili TV kanala (pinovanje, odnosno omogu\u0107avanje pristupa sadr\u017eaju samo uz kori\u0161\u0107enje PIN koda), u periodu od 06.00 do 23.00 sata\u201c, navodi se u saop\u0161tenju Media centra, koje potpisuje njegov izvr\u0161ni direktor Goran \u0110urovi\u0107.<\/p>\n<p>Media centar podsje\u0107a na to da \u201cgodinama televizije iz okru\u017eenja (Happy, Pink i Pink M) preko kablovskih operatera emituju tokom cijelog dana &#8216;reality&#8217; programe u kojima se \u010desto promovi\u0161e nasilje i govor mr\u017enje\u201c, a da su Savjet i direktor AEM \u201cignorisali zakon godinama\u201c. \u201c\u010clanovi Savjeta AEM i direktor nisu ni\u0161ta radili na ispravljanju mnogobrojnih slu\u010dajeva kr\u0161enja zakonskih akata za \u010diju su primjenu odgovorni\u201c, <a href=\"http:\/\/www.pcnen.com\/portal\/2019\/01\/24\/media-centar-zaustaviti-emitovanje-rijaliti-programa-preko-kablovskih-operatera\/\">na \u0161ta je Media centar upozoravao.<\/a><\/p>\n<p>\u201cBez obzira na motive AEM, smatramo da je dono\u0161enje i primjena pravila za\u0161tite maloljetnika u sadr\u017eajima koji se emituju putem kablovskih operatera dobar korak ka uvo\u0111enju reda u oblasti rada elektronskih medija\u201c, konstatuje Media centar.<\/p>\n","protected":false},"excerpt":{"rendered":"<p>Media centar je pozvao danas Agenciju za elektronske medije (AEM) da dosljedno sprovede sopstveni Pravilnik o izmjenama i dopunama pravilnika o uslovima i postupku izdavanja odobrenja za pru\u017eanje audiovizuelnih medijskih usluga na zahtjev i osigura za\u0161titu maloljetnika od &#8216;reality&#8217; programa.<\/p>\n","protected":false},"author":1,"featured_media":0,"comment_status":"open","ping_status":"closed","sticky":false,"template":"","format":"standard","meta":{"_seopress_robots_primary_cat":"","_seopress_titles_title":"","_seopress_titles_desc":"","_seopress_robots_index":"","_et_pb_use_builder":"","_et_pb_old_content":"","_et_gb_content_width":"","inline_featured_image":false,"footnotes":""},"categories":[14,12],"tags":[],"class_list":["post-262455","post","type-post","status-publish","format-standard","hentry","category-vijesti","category-prica-dana"],"_links":{"self":[{"href":"https:\/\/www.pcnen.com\/portal\/wp-json\/wp\/v2\/posts\/262455","targetHints":{"allow":["GET"]}}],"collection":[{"href":"https:\/\/www.pcnen.com\/portal\/wp-json\/wp\/v2\/posts"}],"about":[{"href":"https:\/\/www.pcnen.com\/portal\/wp-json\/wp\/v2\/types\/post"}],"author":[{"embeddable":true,"href":"https:\/\/www.pcnen.com\/portal\/wp-json\/wp\/v2\/users\/1"}],"replies":[{"embeddable":true,"href":"https:\/\/www.pcnen.com\/portal\/wp-json\/wp\/v2\/comments?post=262455"}],"version-history":[{"count":1,"href":"https:\/\/www.pcnen.com\/portal\/wp-json\/wp\/v2\/posts\/262455\/revisions"}],"predecessor-version":[{"id":287181,"href":"https:\/\/www.pcnen.com\/portal\/wp-json\/wp\/v2\/posts\/262455\/revisions\/287181"}],"wp:attachment":[{"href":"https:\/\/www.pcnen.com\/portal\/wp-json\/wp\/v2\/media?parent=262455"}],"wp:term":[{"taxonomy":"category","embeddable":true,"href":"https:\/\/www.pcnen.com\/portal\/wp-json\/wp\/v2\/categories?post=262455"},{"taxonomy":"post_tag","embeddable":true,"href":"https:\/\/www.pcnen.com\/portal\/wp-json\/wp\/v2\/tags?post=262455"}],"curies":[{"name":"wp","href":"https:\/\/api.w.org\/{rel}","templated":true}]}}