{"id":262403,"date":"2019-03-06T08:04:11","date_gmt":"2019-03-06T07:04:11","guid":{"rendered":"http:\/\/www.pcnen.com\/portal\/?p=262403"},"modified":"2019-03-06T08:09:08","modified_gmt":"2019-03-06T07:09:08","slug":"cern-najavio-istrazivanje-tamne-materije","status":"publish","type":"post","link":"https:\/\/www.pcnen.com\/portal\/2019\/03\/06\/cern-najavio-istrazivanje-tamne-materije\/","title":{"rendered":"CERN najavio istra\u017eivanje tamne materije"},"content":{"rendered":"<p><img loading=\"lazy\" decoding=\"async\" class=\"alignleft size-medium wp-image-70965\" src=\"http:\/\/www.pcnen.com\/portal\/wp-content\/uploads\/2011\/12\/cern-300x195.jpg\" alt=\"\" width=\"300\" height=\"195\" \/>Evropska organizacija za nuklearna istra\u017eivanja (CERN) je saop\u0161tila da kre\u0107e u novi eksperiment potrage za \u010desticama povezanim s tamnom materijeom, kao \u0161to su crni fotoni, prenosi Beta.<\/p>\n<p>CERN koji u podzemnim prostorijama ima najve\u0107i akcelerator \u010destica, takozvani Veliki hadronski sudara\u010d, naveo je da \u0107e se novi eksperiment odnositi na \u010destice koje imaju me\u0111usobnu slabu reakciju.<\/p>\n<p>Neke od tih \u010destica su povezane sa tamnom materijom, koja je vrsta hipoteti\u010dke materije koja nije osjetljiva na elektromagnetnu silu i ne mo\u017ee da emituje svjetlost, zbog \u010dega se te\u017ee otkriva.<\/p>\n<p>Prvi rezultati se mogu o\u010dekivati od 2021. godine. Ukoliko eksperiment bude uspe\u0161an, fizi\u010dari \u0107e mo\u0107i jasnije da sagledaju pojedinosti tamne materije, mase koja nedostaje u svemiru, a koja predstavlja oko 27 odsto univerzuma i dr\u017ei galaksije zajedno, ali je nevidljiva. Vidljiv dio tamne materije je njen efekat gravitacije.<\/p>\n","protected":false},"excerpt":{"rendered":"<p>Evropska organizacija za nuklearna istra\u017eivanja (CERN) je saop\u0161tila da kre\u0107e u novi eksperiment potrage za \u010desticama povezanim s tamnom materijeom, kao \u0161to su crni fotoni, prenosi Beta. CERN koji u podzemnim prostorijama ima najve\u0107i akcelerator \u010destica, takozvani Veliki hadronski sudara\u010d, naveo je da \u0107e se novi eksperiment odnositi na \u010destice koje imaju me\u0111usobnu slabu reakciju. [&hellip;]<\/p>\n","protected":false},"author":1,"featured_media":0,"comment_status":"open","ping_status":"closed","sticky":false,"template":"","format":"standard","meta":{"_seopress_robots_primary_cat":"","_seopress_titles_title":"","_seopress_titles_desc":"","_seopress_robots_index":"","_et_pb_use_builder":"","_et_pb_old_content":"","_et_gb_content_width":"","inline_featured_image":false,"footnotes":""},"categories":[14,12],"tags":[],"class_list":["post-262403","post","type-post","status-publish","format-standard","hentry","category-vijesti","category-prica-dana"],"_links":{"self":[{"href":"https:\/\/www.pcnen.com\/portal\/wp-json\/wp\/v2\/posts\/262403","targetHints":{"allow":["GET"]}}],"collection":[{"href":"https:\/\/www.pcnen.com\/portal\/wp-json\/wp\/v2\/posts"}],"about":[{"href":"https:\/\/www.pcnen.com\/portal\/wp-json\/wp\/v2\/types\/post"}],"author":[{"embeddable":true,"href":"https:\/\/www.pcnen.com\/portal\/wp-json\/wp\/v2\/users\/1"}],"replies":[{"embeddable":true,"href":"https:\/\/www.pcnen.com\/portal\/wp-json\/wp\/v2\/comments?post=262403"}],"version-history":[{"count":0,"href":"https:\/\/www.pcnen.com\/portal\/wp-json\/wp\/v2\/posts\/262403\/revisions"}],"wp:attachment":[{"href":"https:\/\/www.pcnen.com\/portal\/wp-json\/wp\/v2\/media?parent=262403"}],"wp:term":[{"taxonomy":"category","embeddable":true,"href":"https:\/\/www.pcnen.com\/portal\/wp-json\/wp\/v2\/categories?post=262403"},{"taxonomy":"post_tag","embeddable":true,"href":"https:\/\/www.pcnen.com\/portal\/wp-json\/wp\/v2\/tags?post=262403"}],"curies":[{"name":"wp","href":"https:\/\/api.w.org\/{rel}","templated":true}]}}