{"id":262377,"date":"2019-03-05T16:55:15","date_gmt":"2019-03-05T15:55:15","guid":{"rendered":"http:\/\/www.pcnen.com\/portal\/?p=262377"},"modified":"2019-03-05T16:56:41","modified_gmt":"2019-03-05T15:56:41","slug":"mans-zasto-je-vlada-krila-odlazak-premijera-u-palma-de-majorku","status":"publish","type":"post","link":"https:\/\/www.pcnen.com\/portal\/2019\/03\/05\/mans-zasto-je-vlada-krila-odlazak-premijera-u-palma-de-majorku\/","title":{"rendered":"MANS: Za\u0161to je Vlada krila odlazak premijera u Palma de Majorku"},"content":{"rendered":"<p><img loading=\"lazy\" decoding=\"async\" class=\"alignleft wp-image-217383\" src=\"http:\/\/www.pcnen.com\/portal\/wp-content\/uploads\/2016\/11\/Dusko-Markovic.jpg\" alt=\"\" width=\"219\" height=\"237\" \/>Informacija o navodnom putu premijera Du\u0161ka Markovi\u0107a sa saradnicima u Palma de Majorku je <a href=\"http:\/\/www.gov.me\/vijesti\/196845\/Vazduhoplov-Vlade-CG-koristi-se-iskljucivo-u-sluzbene-svrhe.html\">objelodanjena<\/a> crnogorskoj javnosti tek onda kada je MANS javno postavio pitanje \u0161ta je dr\u017eavni avion radio na tom \u0161panskom ostrvu i koja je bila svrha tog putovanja, konstatovao je Dejan Milovac, direktor Istra\u017eiva\u010dkog centra Mre\u017ee za afirmaciju nevladinog sektora (MANS).<\/p>\n<p>\u201cNa dan putovanja u \u0160paniju odr\u017eana je sjednica Vlade, ali na toj sjednici nije bilo ni rije\u010di o tome da \u0107e Markovi\u0107 te ve\u010deri putovati za Palma de Majorku. Uvidom u dnevni red prethodnih sjednica nema najave putovanja, niti da je crnogorska delegacija pripremila takozvanu &#8216;platformu zvani\u010dnog sastanka&#8217; kao \u0161to se to uobi\u010dajeno radi. Tako\u0111e, ni nakon povratka Markovi\u0107a, nema zvani\u010dno objavljene informacije o \u010demu se pri\u010dalo na, navodno, poslovnim sastancima u \u0160paniji. U arhivi doga\u0111aja vezanih za rad premijera postoje navedene sve aktivnosti iz septembra pro\u0161le godine, osim puta za Palma de Majorku. Istovjetna situacija je i sa ministrom kulkture Aleksandrom Bogdanovi\u0107em, za koga tako\u0111e nema javno dostupnih informacija da je uop\u0161te bio dio te delegacije, niti \u0161ta je radio tamo\u201c, konstatuje Milovac u tekstu objavljenom na veb stranici MANS-a.<\/p>\n<p>On ka\u017ee da podaci o putu premijera Markovi\u0107a u \u0160paniju \u201cne smiju biti dr\u017eavna tajna u smislu Zakona o slobodnom pristupu informacijama jer gra\u0111ani imaju pravo da znaju kako se tro\u0161i preko 700 hiljada eura koliko se godi\u0161nje izdvaja za dr\u017eavni avion\u201c.<\/p>\n<p>MANS jo\u0161 po\u010detkom februara, koriste\u0107i Zakon o slobodnom pristupu informacijama, zatra\u017eio podatke od Vlade na koji na\u010din je kori\u0161\u0107en i gdje je letio dr\u017eavni avion, ali te podatke ni do danas nije dobio. \u00a0Prije nekoliko sedmica MANS je poslao konkretna pitanja i Generalnom sekretarijatu i Slu\u017ebi za odnose sa javno\u0161\u0107u i njenom \u0161efu Sr\u0111anu Kusovcu, ali su svi oni odbili da daju informaciju o putu dr\u017eavnog aviona na Majorku.<\/p>\n<p>\u201cOd premijera Markovi\u0107a o\u010dekujemo da crnogorsku javnost detaljno informi\u0161e o tome \u0161ta je slu\u017ebeno radio na Majorci i saop\u0161ti koliko je kompaniju Iberostar ko\u0161talo njegovo &#8216;gostovanje&#8217; na tom \u0161panskom ostrvu. Ukoliko se pak radilo o ne\u010dem drugom, podsje\u0107amo ga da je du\u017ean da nadle\u017enim organima putovanje u \u0160paniju prijavi kao poklon Iberostar-a\u201c, <a href=\"http:\/\/www.mans.co.me\/zasto-se-krio-markovicev-put-na-majorku\/\">napisao je Milovac.<\/a><\/p>\n","protected":false},"excerpt":{"rendered":"<p>Na dan putovanja u \u0160paniju odr\u017eana je sjednica Vlade, ali na toj sjednici nije bilo ni rije\u010di o tome da \u0107e Markovi\u0107 te ve\u010deri putovati za Palma de Majorku<\/p>\n","protected":false},"author":1,"featured_media":0,"comment_status":"open","ping_status":"closed","sticky":false,"template":"","format":"standard","meta":{"_seopress_robots_primary_cat":"","_seopress_titles_title":"","_seopress_titles_desc":"","_seopress_robots_index":"","_et_pb_use_builder":"","_et_pb_old_content":"","_et_gb_content_width":"","inline_featured_image":false,"footnotes":""},"categories":[14,12],"tags":[],"class_list":["post-262377","post","type-post","status-publish","format-standard","hentry","category-vijesti","category-prica-dana"],"_links":{"self":[{"href":"https:\/\/www.pcnen.com\/portal\/wp-json\/wp\/v2\/posts\/262377","targetHints":{"allow":["GET"]}}],"collection":[{"href":"https:\/\/www.pcnen.com\/portal\/wp-json\/wp\/v2\/posts"}],"about":[{"href":"https:\/\/www.pcnen.com\/portal\/wp-json\/wp\/v2\/types\/post"}],"author":[{"embeddable":true,"href":"https:\/\/www.pcnen.com\/portal\/wp-json\/wp\/v2\/users\/1"}],"replies":[{"embeddable":true,"href":"https:\/\/www.pcnen.com\/portal\/wp-json\/wp\/v2\/comments?post=262377"}],"version-history":[{"count":0,"href":"https:\/\/www.pcnen.com\/portal\/wp-json\/wp\/v2\/posts\/262377\/revisions"}],"wp:attachment":[{"href":"https:\/\/www.pcnen.com\/portal\/wp-json\/wp\/v2\/media?parent=262377"}],"wp:term":[{"taxonomy":"category","embeddable":true,"href":"https:\/\/www.pcnen.com\/portal\/wp-json\/wp\/v2\/categories?post=262377"},{"taxonomy":"post_tag","embeddable":true,"href":"https:\/\/www.pcnen.com\/portal\/wp-json\/wp\/v2\/tags?post=262377"}],"curies":[{"name":"wp","href":"https:\/\/api.w.org\/{rel}","templated":true}]}}