{"id":262370,"date":"2019-03-05T12:41:02","date_gmt":"2019-03-05T11:41:02","guid":{"rendered":"http:\/\/www.pcnen.com\/portal\/?p=262370"},"modified":"2019-03-05T12:41:02","modified_gmt":"2019-03-05T11:41:02","slug":"radnicka-partija-istupila-iz-df","status":"publish","type":"post","link":"https:\/\/www.pcnen.com\/portal\/2019\/03\/05\/radnicka-partija-istupila-iz-df\/","title":{"rendered":"Radni\u010dka partija istupila iz DF"},"content":{"rendered":"<p><img loading=\"lazy\" decoding=\"async\" class=\"alignleft size-full wp-image-212258\" src=\"http:\/\/www.pcnen.com\/portal\/wp-content\/uploads\/2016\/08\/janko-vucinic.jpg\" alt=\"\" width=\"300\" height=\"194\" srcset=\"https:\/\/www.pcnen.com\/portal\/wp-content\/uploads\/2016\/08\/janko-vucinic.jpg 300w, https:\/\/www.pcnen.com\/portal\/wp-content\/uploads\/2016\/08\/janko-vucinic-285x184.jpg 285w, https:\/\/www.pcnen.com\/portal\/wp-content\/uploads\/2016\/08\/janko-vucinic-235x152.jpg 235w, https:\/\/www.pcnen.com\/portal\/wp-content\/uploads\/2016\/08\/janko-vucinic-75x49.jpg 75w, https:\/\/www.pcnen.com\/portal\/wp-content\/uploads\/2016\/08\/janko-vucinic-220x142.jpg 220w\" sizes=\"(max-width: 300px) 100vw, 300px\" \/>Lider Radni\u010dke partije Janko Vu\u010dini\u0107 je saop\u0161tio danas da je ta partija istupila iz politi\u010dkog saveza Demokratski front, a da \u0107e on zadr\u017eati poslani\u010dki mandat ali \u0107e bojkotovati rad Skup\u0161tine, koja je izgubila legitimitet.<\/p>\n<p>Kako je prenio portal Vijesti, Vu\u010dini\u0107 je objasnio da je glavni razlog za tu odluku to \u0161to Demokratskim frontom upravlja Predsjedni\u0161tvo u kome Radni\u010dka partija nema predstavnika ni poslije dvije i po godine od sticanja parlamentarnog statusa.<\/p>\n<p>&#8220;Dovedeni smo u situaciju da se moramo povinovati odlukama koje se donose bez na\u0161eg u\u010de\u0161\u0107a. Predsjedni\u0161tvo Radni\u010dke partije ocijenilo je da smo u Frontu potisnuti od ostalih konsituenata, magrinalizovani i svedeni na status priveska, \u0161to niko od nas ne pristaje da bude jer imamo i snage i kapaciteta&#8221;, kazao je Vu\u010dini\u0107 na konferenciji za novinare u Nik\u0161i\u0107u.<\/p>\n","protected":false},"excerpt":{"rendered":"<p>Predsjedni\u0161tvo Radni\u010dke partije ocijenilo je da smo u Frontu potisnuti od ostalih konsituenata, magrinalizovani i svedeni na status priveska<\/p>\n","protected":false},"author":1,"featured_media":212258,"comment_status":"open","ping_status":"closed","sticky":false,"template":"","format":"standard","meta":{"_seopress_robots_primary_cat":"","_seopress_titles_title":"","_seopress_titles_desc":"","_seopress_robots_index":"","_et_pb_use_builder":"","_et_pb_old_content":"","_et_gb_content_width":"","inline_featured_image":false,"footnotes":""},"categories":[14,12],"tags":[],"class_list":["post-262370","post","type-post","status-publish","format-standard","has-post-thumbnail","hentry","category-vijesti","category-prica-dana"],"_links":{"self":[{"href":"https:\/\/www.pcnen.com\/portal\/wp-json\/wp\/v2\/posts\/262370","targetHints":{"allow":["GET"]}}],"collection":[{"href":"https:\/\/www.pcnen.com\/portal\/wp-json\/wp\/v2\/posts"}],"about":[{"href":"https:\/\/www.pcnen.com\/portal\/wp-json\/wp\/v2\/types\/post"}],"author":[{"embeddable":true,"href":"https:\/\/www.pcnen.com\/portal\/wp-json\/wp\/v2\/users\/1"}],"replies":[{"embeddable":true,"href":"https:\/\/www.pcnen.com\/portal\/wp-json\/wp\/v2\/comments?post=262370"}],"version-history":[{"count":0,"href":"https:\/\/www.pcnen.com\/portal\/wp-json\/wp\/v2\/posts\/262370\/revisions"}],"wp:featuredmedia":[{"embeddable":true,"href":"https:\/\/www.pcnen.com\/portal\/wp-json\/wp\/v2\/media\/212258"}],"wp:attachment":[{"href":"https:\/\/www.pcnen.com\/portal\/wp-json\/wp\/v2\/media?parent=262370"}],"wp:term":[{"taxonomy":"category","embeddable":true,"href":"https:\/\/www.pcnen.com\/portal\/wp-json\/wp\/v2\/categories?post=262370"},{"taxonomy":"post_tag","embeddable":true,"href":"https:\/\/www.pcnen.com\/portal\/wp-json\/wp\/v2\/tags?post=262370"}],"curies":[{"name":"wp","href":"https:\/\/api.w.org\/{rel}","templated":true}]}}