{"id":262355,"date":"2019-03-05T08:52:50","date_gmt":"2019-03-05T07:52:50","guid":{"rendered":"http:\/\/www.pcnen.com\/portal\/?p=262355"},"modified":"2019-03-05T08:52:50","modified_gmt":"2019-03-05T07:52:50","slug":"platforma-za-dijalog-razgovarajmo","status":"publish","type":"post","link":"https:\/\/www.pcnen.com\/portal\/2019\/03\/05\/platforma-za-dijalog-razgovarajmo\/","title":{"rendered":"Platforma za dijalog #Razgovarajmo"},"content":{"rendered":"<p><img loading=\"lazy\" decoding=\"async\" class=\"alignleft size-full wp-image-100247\" src=\"http:\/\/www.pcnen.com\/portal\/wp-content\/uploads\/2012\/12\/razgovor.jpg\" alt=\"\" width=\"225\" height=\"224\" \/>Portal Vijesti je pokrenuo<a href=\"https:\/\/www.vijesti.me\/vijesti\/drustvo\/kako-da-ucestvujete-u-gradanskom-dijalogu\"> Platformu za dijalog #Razgovarajmo<\/a> koja trenutno ima<a href=\"https:\/\/www.vijesti.me\/vijesti\/ovo-su-moderatori-platforme-razgovarajmo-gojko-perovic-bojan-baca-biljana-maslovaric\"> devet moderatora.<\/a><\/p>\n<p>Platforma je otvorena za sve gra\u0111ane\/gra\u0111anke i svako mo\u017ee predlo\u017eiti teme i moderatore za druge oblasti.<\/p>\n<p>U razgovoru se mo\u017ee u\u010destvovati i putem svih dru\u0161tvenih mre\u017ea, ne samo tekstovima, ve\u0107 i kratkim porukama, crte\u017eima, fotografijama, mimovima\u2026<\/p>\n<p>Smjernice su jednostavne \u2013 nije dozvoljen govor mr\u017enje, fa\u0161izam, rasizam, kr\u0161enje ljudskih prava, mizoginija, klevetanje\u2026<\/p>\n","protected":false},"excerpt":{"rendered":"<p>Platforma portala Vijesti je otvorena za sve gra\u0111ane i gra\u0111anke<\/p>\n","protected":false},"author":1,"featured_media":0,"comment_status":"open","ping_status":"closed","sticky":false,"template":"","format":"standard","meta":{"_seopress_robots_primary_cat":"","_seopress_titles_title":"","_seopress_titles_desc":"","_seopress_robots_index":"","_et_pb_use_builder":"","_et_pb_old_content":"","_et_gb_content_width":"","inline_featured_image":false,"footnotes":""},"categories":[14,12],"tags":[],"class_list":["post-262355","post","type-post","status-publish","format-standard","hentry","category-vijesti","category-prica-dana"],"_links":{"self":[{"href":"https:\/\/www.pcnen.com\/portal\/wp-json\/wp\/v2\/posts\/262355","targetHints":{"allow":["GET"]}}],"collection":[{"href":"https:\/\/www.pcnen.com\/portal\/wp-json\/wp\/v2\/posts"}],"about":[{"href":"https:\/\/www.pcnen.com\/portal\/wp-json\/wp\/v2\/types\/post"}],"author":[{"embeddable":true,"href":"https:\/\/www.pcnen.com\/portal\/wp-json\/wp\/v2\/users\/1"}],"replies":[{"embeddable":true,"href":"https:\/\/www.pcnen.com\/portal\/wp-json\/wp\/v2\/comments?post=262355"}],"version-history":[{"count":0,"href":"https:\/\/www.pcnen.com\/portal\/wp-json\/wp\/v2\/posts\/262355\/revisions"}],"wp:attachment":[{"href":"https:\/\/www.pcnen.com\/portal\/wp-json\/wp\/v2\/media?parent=262355"}],"wp:term":[{"taxonomy":"category","embeddable":true,"href":"https:\/\/www.pcnen.com\/portal\/wp-json\/wp\/v2\/categories?post=262355"},{"taxonomy":"post_tag","embeddable":true,"href":"https:\/\/www.pcnen.com\/portal\/wp-json\/wp\/v2\/tags?post=262355"}],"curies":[{"name":"wp","href":"https:\/\/api.w.org\/{rel}","templated":true}]}}