{"id":262348,"date":"2019-03-05T07:17:32","date_gmt":"2019-03-05T06:17:32","guid":{"rendered":"http:\/\/www.pcnen.com\/portal\/?p=262348"},"modified":"2019-03-05T07:17:32","modified_gmt":"2019-03-05T06:17:32","slug":"tajanijeve-rijeci-su-uznemirujuce","status":"publish","type":"post","link":"https:\/\/www.pcnen.com\/portal\/2019\/03\/05\/tajanijeve-rijeci-su-uznemirujuce\/","title":{"rendered":"Tajanijeve rije\u010di su uznemiruju\u0107e"},"content":{"rendered":"<p><strong>Autor: Sa\u0161a Kosanovi\u0107<\/strong><\/p>\n<p><img loading=\"lazy\" decoding=\"async\" class=\"alignleft size-full wp-image-262349\" src=\"http:\/\/www.pcnen.com\/portal\/wp-content\/uploads\/2019\/03\/Paolo-Ferrero.jpg\" alt=\"\" width=\"300\" height=\"217\" srcset=\"https:\/\/www.pcnen.com\/portal\/wp-content\/uploads\/2019\/03\/Paolo-Ferrero.jpg 300w, https:\/\/www.pcnen.com\/portal\/wp-content\/uploads\/2019\/03\/Paolo-Ferrero-235x170.jpg 235w, https:\/\/www.pcnen.com\/portal\/wp-content\/uploads\/2019\/03\/Paolo-Ferrero-75x54.jpg 75w, https:\/\/www.pcnen.com\/portal\/wp-content\/uploads\/2019\/03\/Paolo-Ferrero-220x159.jpg 220w, https:\/\/www.pcnen.com\/portal\/wp-content\/uploads\/2019\/03\/Paolo-Ferrero-90x65.jpg 90w\" sizes=\"(max-width: 300px) 100vw, 300px\" \/>S Paolom Ferrerom, svojedobnim ministrom u vladi Romana Prodija i \u010dlanom talijanske partije Komunisti\u010dka obnova, \u010diji je sekretar bio od 2008. do 2017., a koja je na europskoj razini dio Stranke europske ljevice, razgovaramo o nedavnim izjavama predsjednika EU parlamenta, europskoj ljevici, Venezueli i drugim aktualnim temama.<\/p>\n<p><em>Kako komentirate izjavu predsjednika Europskog parlamenta Antonija Tajanija koji je u povodu Dana sje\u0107anja na \u017ertve fojbi u Basovizzi svoj govor zavr\u0161io rije\u010dima \u2018\u017eivjela talijanska Istra, \u017eivjela talijanska Dalmacija\u2019?<\/em><\/p>\n<p>Rije\u010di Antonija Tajanija su uznemiruju\u0107e, tipi\u010dne za vladaju\u0107u klasu koja jo\u0161 nije svela ra\u010dune s fa\u0161izmom i tragedijama koje je on proizveo. Tajani se time, u probu\u0111enom nacionalizmu i \u0161ovinizmu koji karakteriziraju talijansku desnicu, samo pridru\u017euje Salvinijevoj desnici, kao \u0161to je ve\u0107 bio slu\u010daj s liberalnim vo\u0111ama koji su se prije jednog stolje\u0107a priklju\u010dili Mussoliniju. Suo\u010deni smo s kompletnim porazom liberalnih vo\u0111a koji su svojom neoliberalnom politikom i stvaranjem tr\u017ei\u0161ta bez ikakvih pravila doveli \u010ditav svijet na rub provalije, da bi se sada natjecali s neofa\u0161istima na njihovom terenu najgorom vrstom nacionalizma. Na\u017ealost, to nije samo talijanski fenomen, a dokaz tome je i Donald Trump.<\/p>\n<p><em>Koliko se u Italiji zna o periodu talijanske fa\u0161isti\u010dke okupacije Istre i Dalmacije i o nasilnoj talijanizaciji slovenskog i hrvatskog stanovni\u0161tva?<\/em><\/p>\n<p>Na\u017ealost, jako malo. Nacionalno pomirenje, odmah u poratnom periodu, obavilo je velom tajne povijesnu odgovornost fa\u0161isti\u010dke Italije, saveznice nacisti\u010dke Njema\u010dke. Nakon pada Berlinskog zida biv\u0161i su komunisti, po\u010dev\u0161i od Violantea do Napolitana kao nekada\u0161njih funkcionera Komunisti\u010dke partije Italije, otvorili prostor reviziji povijesti, od izjedna\u010davanja poginulih partizana i fa\u0161ista do prihva\u0107anja revizionisti\u010dkih teza ekstremne desnice o doga\u0111ajima na isto\u010dnoj granici. Apsurdno je da su upravo biv\u0161i komunisti koji su postali liberali otvorili put ispisivanju nove povijesti u kojoj sada pliva fa\u0161isti\u010dka desnica.<br \/>\nPoku\u0161aj legitimacije nacizma<\/p>\n<p><em>Mo\u017ee li se Tajanijeva izjava tuma\u010diti kao dio revizionisti\u010dkog vala koji je zahvatio Hrvatsku, ali i ostatak Europe?<\/em><\/p>\n<p>Apsolutno. Neoliberalne politike su uni\u0161tile svaki vid socijalne i egzistencijalne sigurnosti europskih naroda. Sada te iste neoliberalne vladaju\u0107e klase koriste nacionalizam i rasizam kao teren na kojem \u0107e dobiti konsenzus. Situacija dramati\u010dno podsje\u0107a na krizu Weimarske Republike.<\/p>\n<p><em>Po va\u0161em mi\u0161ljenju, je li mogu\u0107e zaustaviti pad europske ljevice imaju\u0107i u vidu predstoje\u0107e izbore za Europski parlament?<\/em><\/p>\n<p>U prvom redu, moramo definirati ljevicu. Partije kao \u0161to su Demokratska stranka (PD) u Italiji i ve\u0107i dio socijalisti\u010dkih stranaka uop\u0107e ne smatram ljevicom, nego liberalima ili neoliberalnim centrom. Stvari treba nazvati pravim imenom. Ljevicom smatram antineoliberalne partije poput Die Linke, Podemosa ili France Insoumise. One nisu u padu, naprotiv, njihov rejting lagano raste, premda jo\u0161 uvijek dosta ograni\u010deno, zavisno od zemlje do zemlje. Na\u0161 istinski izazov predstavlja realizacija alternativnog projekta na europskom nivou, kako bi se shvatilo da osim liberala desnog i lijevog centra koji su dosada vodili Europsku uniju, te osim sila fa\u0161isti\u010dke i rasisti\u010dke desnice, postoji i jedna alternativna lijeva snaga suprotstavljena neoliberalizmu i fa\u0161izmu, alternativa koja se zasniva na dru\u0161tvenoj pravdi, na za\u0161titi prirode i na demokratskom sudjelovanju sviju.<\/p>\n<p><em>Za\u0161to Stranka europske ljevice nije zajedno sa svim ostalim snagama \u2018nove ljevice\u2019 u Europi, kao \u0161to je recimo Socijaldemokratska partija Hrvatske?<\/em><\/p>\n<p>Stranka europske ljevice obuhva\u0107a ili ima stabilne odnose sa svim antineoliberalnim lijevim snagama koje postoje u Europi. Smatramo da blagostanje i prava radni\u010dke klase moraju biti pro\u0161ireni, da se tome moraju dodati smanjenje radnog vremena i drasti\u010dna redistribucija bogatstva, za\u0161tita okoli\u0161a i \u0161iroka gra\u0111anska prava. Stoga nismo zajedno, po na\u0161em jasnom i svjesnom izboru, s talijanskim socijaldemokratima ili hrvatskim SDP-om, jer je neoliberalna politika tim partijama postala neka vrsta svetog pisma. Mi\u0161ljenja smo da one vode politiku koja je usmjerena protiv samog naroda, a koja je zapravo rezultat politika stranaka desnog i lijevog centra, sve u ime neoliberalizma i europskih dogovora. Iz tog razloga politi\u010dki projekt Stranke europske ljevice je izgradnja antineoliberalne, kontinentalne, narodne, alternativne ljevice nasuprot liberalima centra, lijevog i desnog.<\/p>\n<p><em>Kako komentirate poku\u0161aj izjedna\u010davanja komunizma i nacifa\u0161izma, \u0161to nastoje progurati revizionisti\u010dke desni\u010darske stranke u Europi, a ra\u0161ireno je i u Hrvatskoj?<\/em><\/p>\n<p>Na povijesnom planu to predstavlja glupost, a na politi\u010dkom poku\u0161aj legitimacije nacizma. Nacizam postaje legitiman zbog antikomunizma vladaju\u0107e klase. Kako bi porazile i izolirale radni\u010dku klasu, vlasti su iskoristile antikomunizam i izvrtanje povijesti fa\u0161izma. Danas je fa\u0161izam, ozvani\u010den u borbi protiv komunizma, ponovno uba\u010den u igru zbog o\u010daja u dru\u0161tvu kao rezultata neoliberalne politike. Rastu\u0107i nacizam, koji se zasniva na ratu izme\u0111u sirotinje, mo\u017ee se pobijediti samo ako \u0107emo uspjeti izgraditi efikasni otpor ve\u0107ine naroda protiv ekonomskih i politi\u010dkih elita, stavljaju\u0107i na dnevni red redistribuciju bogatstva i promjene u radu i ekonomiji.<\/p>\n<p><em>\u010cesto se tvrdi da je ljevica u Europi propala kada se odmaknula od radni\u0161tva i okrenula drugim problemima, poput ekologije i raznih oblika ljudskih prava?<\/em><\/p>\n<p>\u0160to se ti\u010de snaga antineoliberalne ljevice, njezini rezultati uop\u0107e nisu negativni, samo se razlikuju, kako sam ve\u0107 rekao, od zemlje do zemlje. Smatramo da ne postoji nikakva kontradikcija izme\u0111u borbe za dru\u0161tvena prava i jednakost, za obranu okoli\u0161a i za obimna gra\u0111anska prava. Kada je Komunisti\u010dka partija Italije zajedno sa sindikatima bila mo\u0107na, osvojili smo prava u tvornicama, pravo na zdravstvenu za\u0161titu, ali i pravo na abortus i razvod. Ono \u0161to je tipi\u010dno za fa\u0161isti\u010dku desnicu je da sve to stavlja pod upitnik. Vjerujem da ljevica trenutno ima dva bitna nerije\u0161ena problema: jedno je njezina pote\u0161ko\u0107a da uspostavi i organizira klasni sukob na europskom nivou koji bi se pretvorio u konkretnu borbu protiv uni\u0161tavanja dr\u017eave blagostanja i prava radnih ljudi, a drugo je manjak perspektive i alternative nakon propasti realnih socijalizama.<\/p>\n<p><em>Mo\u017eete li komentirati \u0161izofrenu situaciju u Hrvatskoj u kojoj se vladaju\u0107a klasa neprestano distancira od perioda biv\u0161e Jugoslavije, dok ve\u0107ina naroda tvrdi kako su uvjeti \u017eivota i rada tada bili bolji?<\/em><\/p>\n<p>Ofenziva vladaju\u0107e neoliberalne klase desnog centra, ali i lijevog, protiv radni\u010dke klase i njihovih prava nadovezuje se, na internacionalnom planu i bez ikakve razlike, na te\u0161ku ideolo\u0161ku borbu protiv socijalizma u svim njegovim oblicima. Ljudima se poku\u0161ava oprati mozak kako bi ih se uvjerilo da su kapitalizam i neoliberalna ideologija najbolji od svih mogu\u0107ih svjetova, a naro\u010dito kako ne postoji alternativa ratu izme\u0111u sirotinje. Stoga nam je potrebna kulturolo\u0161ka bitka kako bi se prokazala ova osebujna neoliberalna ideologija.<\/p>\n<p><em>Kako komentirate situaciju u Venezueli?<\/em><\/p>\n<p>Venezuela, kao i Brazil, predstavlja fiksnu to\u010dku ameri\u010dke politi\u010dke linije koja \u017eeli staviti svoje \u0161ape na Latinsku Ameriku kako bi zaklju\u010dila s vladama promjene. Ako upali s Venezuelom, sljede\u0107a na redu bit \u0107e Bolivija. SAD ne mo\u017ee probaviti da Latinska Amerika bude nezavisna od njihove politike, a jo\u0161 manje da njihove multinacionalne kompanije nemaju u svojim rukama prirodna bogatstva tih dr\u017eava. Za svaku dr\u017eavu Amerika ima poseban scenarij, posebno opravdanje i druga\u010diji pristup. U Brazilu je za \u2018providni dr\u017eavni udar\u2019 protiv Dilme Rousseff i za hap\u0161enje Lule, koji je mogao dobiti predsjedni\u010dke izbore, \u2018opravdanje\u2019 bila korupcija. U slu\u010daju Venezuele Amerika koristi te\u0161ku ekonomsku situaciju, prouzrokovanu smanjenjem cijena nafte, kako bi izazvala dr\u017eavni udar.<\/p>\n<p><strong>Novi hladni rat<\/strong><\/p>\n<p><em>\u0160to mislite o na\u010dinu na koji SAD i Europska unija poku\u0161avaju svrgnuti tamo\u0161njeg predsjednika Nicolasa Madura?<\/em><\/p>\n<p>Sve najgore. Protiv predsjednika kojeg je legitimno izabrala ve\u0107ina venezuelanskog naroda nastoje proizvesti dr\u017eavni udar izvana. EU i Amerika djeluju sasvim izvan i protivno me\u0111unarodnom pravu, izvan i protiv volje Ujedinjenih naroda i Organizacije ameri\u010dkih dr\u017eava. Ovo sasvim o\u010dito kr\u0161enje me\u0111unarodnog prava, s vrlo malo presedana, mislim na priznavanje Kosova, tipi\u010dno je za novi hladni rat \u0161to ga je pokrenula Amerika koja, po mom mi\u0161ljenju, \u017eeli sukob s Kinom kako od nje ne bi bila pobije\u0111ena na tehnolo\u0161kom i vojnom planu. Kao \u0161to papa Franjo nagla\u0161ava, tre\u0107i svjetski rat je po\u010deo, a objavila ga je Amerika. Treba to uzeti u obzir i uspostaviti svjetski pokret koji bi sprije\u010dio njegovu eskalaciju. Na\u0161 je cilj me\u0111unarodna suradnja nasuprot nastojanju da se konkurencija na gospodarskom planu pretvori u oru\u017eani sukob.<\/p>\n<p><em>Nedavno ste objavili knjigu o Karlu Marxu, koju \u0107ete uskoro predstaviti u Zagrebu i Rijeci. Koje bi mogle biti perspektive marksizma u 21. stolje\u0107u?<\/em><\/p>\n<p>Svjedoci smo ogromne produktivnosti kao i zgrtanja bogatstva dosad nevi\u0111enog u povijesti. Ovaj rast ljudske mo\u0107i i bogatstva, zasnovanog i vo\u0111enog isklju\u010divo privatnom akumulacijom profita, umjesto da rezultira op\u0107im blagostanjem, uzrokuje barbarizaciju dru\u0161tva i uspostavlja uvjete za rat, razaraju\u0107i prirodni okoli\u0161. Marksizam upozorava na ovu pojavu i poja\u0161njava njezine uzroke, poput iskori\u0161tavanja tu\u0111eg rada i prirode kojem je jedini cilj privatna akumulacija kapitala. Marksizam poja\u0161njava trenutak u kojem \u017eivimo, poma\u017ee \u010dovje\u010danstvu da postane svjesno kako se na\u0161a zajedni\u010dka povijest nalazi na raskr\u0161\u0107u izme\u0111u mogu\u0107eg blagostanja i barbarstva. Marksizam evidentira i otkriva dru\u0161tveni i okoli\u0161ni jaz koji vladaju\u0107e kapitalisti\u010dke klase produbljuju, nastoje\u0107i ga istovremeno prikriti, te ukazuje na mogu\u0107nost druga\u010dijeg na\u010dina ljudskog \u017eivota, temeljenog na suradnji, zajedni\u010dkim odnosima i po\u0161tivanju prirode umjesto na nadmetanju, ratu i uni\u0161tavanju ekosistema. Stoga sam uvjeren da je danas Marxova misao aktualnija nego prije 150 godina. Danas postoje uvjeti o kojima je govorio Marx kako bi se prevladao kapitalizam zasnovan na privatnom zgrtanju bogatstva. U na\u0161e vrijeme postoji potreba da se takvi uvjeti prevazi\u0111u, ina\u010de \u0107emo pasti u divlja\u0161tvo rasizma, rata i uni\u0161tavanja \u017eivota. To je razlog za\u0161to sam komunist. Moja djeca moraju imati pravo na boljitak, a ne da \u017eive u lo\u0161im uvjetima u kakvima je morao \u017eivjeti moj otac.<\/p>\n<p><a href=\"https:\/\/www.portalnovosti.com\/paolo-ferrero-tajanijeve-rijeci-su-uznemirujuce\">Portal Novosti<\/a><\/p>\n","protected":false},"excerpt":{"rendered":"<p>Paolo Ferrero: Suo\u010deni smo s kompletnim porazom liberalnih vo\u0111a koji su svojom neoliberalnom politikom i stvaranjem tr\u017ei\u0161ta bez ikakvih pravila doveli \u010ditav svijet na rub provalije, da bi se sada natjecali s neofa\u0161istima najgorom vrstom nacionalizma<\/p>\n","protected":false},"author":1,"featured_media":262349,"comment_status":"open","ping_status":"closed","sticky":false,"template":"","format":"standard","meta":{"_seopress_robots_primary_cat":"","_seopress_titles_title":"","_seopress_titles_desc":"","_seopress_robots_index":"","_et_pb_use_builder":"","_et_pb_old_content":"","_et_gb_content_width":"","inline_featured_image":false,"footnotes":""},"categories":[5],"tags":[],"class_list":["post-262348","post","type-post","status-publish","format-standard","has-post-thumbnail","hentry","category-drugi-pisu"],"_links":{"self":[{"href":"https:\/\/www.pcnen.com\/portal\/wp-json\/wp\/v2\/posts\/262348","targetHints":{"allow":["GET"]}}],"collection":[{"href":"https:\/\/www.pcnen.com\/portal\/wp-json\/wp\/v2\/posts"}],"about":[{"href":"https:\/\/www.pcnen.com\/portal\/wp-json\/wp\/v2\/types\/post"}],"author":[{"embeddable":true,"href":"https:\/\/www.pcnen.com\/portal\/wp-json\/wp\/v2\/users\/1"}],"replies":[{"embeddable":true,"href":"https:\/\/www.pcnen.com\/portal\/wp-json\/wp\/v2\/comments?post=262348"}],"version-history":[{"count":0,"href":"https:\/\/www.pcnen.com\/portal\/wp-json\/wp\/v2\/posts\/262348\/revisions"}],"wp:featuredmedia":[{"embeddable":true,"href":"https:\/\/www.pcnen.com\/portal\/wp-json\/wp\/v2\/media\/262349"}],"wp:attachment":[{"href":"https:\/\/www.pcnen.com\/portal\/wp-json\/wp\/v2\/media?parent=262348"}],"wp:term":[{"taxonomy":"category","embeddable":true,"href":"https:\/\/www.pcnen.com\/portal\/wp-json\/wp\/v2\/categories?post=262348"},{"taxonomy":"post_tag","embeddable":true,"href":"https:\/\/www.pcnen.com\/portal\/wp-json\/wp\/v2\/tags?post=262348"}],"curies":[{"name":"wp","href":"https:\/\/api.w.org\/{rel}","templated":true}]}}