{"id":262308,"date":"2019-03-04T15:01:57","date_gmt":"2019-03-04T14:01:57","guid":{"rendered":"http:\/\/www.pcnen.com\/portal\/?p=262308"},"modified":"2019-03-04T15:10:23","modified_gmt":"2019-03-04T14:10:23","slug":"presuda-skupstina-nezakonito-razrijesila-durovica","status":"publish","type":"post","link":"https:\/\/www.pcnen.com\/portal\/2019\/03\/04\/presuda-skupstina-nezakonito-razrijesila-durovica\/","title":{"rendered":"Presuda: Skup\u0161tina nezakonito razrije\u0161ila \u0110urovi\u0107a"},"content":{"rendered":"<p><img loading=\"lazy\" decoding=\"async\" class=\" wp-image-211324 alignleft\" src=\"http:\/\/www.pcnen.com\/portal\/wp-content\/uploads\/2016\/08\/Goran-Djurovic.jpg\" alt=\"\" width=\"98\" height=\"101\" \/>Skup\u0161tina Crne Gore je nezakonito razrije\u0161ila Gorana \u0110urovi\u0107a \u010dlanstva u Savjetu RTCG, presudio je sudija Osnovnog suda u Podgorici Radovan Vlaovi\u0107.<\/p>\n<p>Ovo je prvostepena, nepravosna\u017ena presuda.<\/p>\n<p><img loading=\"lazy\" decoding=\"async\" class=\"aligncenter size-full wp-image-262309\" src=\"http:\/\/www.pcnen.com\/portal\/wp-content\/uploads\/2019\/03\/presuda-djurovic.jpg\" alt=\"\" width=\"400\" height=\"214\" srcset=\"https:\/\/www.pcnen.com\/portal\/wp-content\/uploads\/2019\/03\/presuda-djurovic.jpg 400w, https:\/\/www.pcnen.com\/portal\/wp-content\/uploads\/2019\/03\/presuda-djurovic-300x161.jpg 300w, https:\/\/www.pcnen.com\/portal\/wp-content\/uploads\/2019\/03\/presuda-djurovic-235x126.jpg 235w, https:\/\/www.pcnen.com\/portal\/wp-content\/uploads\/2019\/03\/presuda-djurovic-75x40.jpg 75w, https:\/\/www.pcnen.com\/portal\/wp-content\/uploads\/2019\/03\/presuda-djurovic-350x187.jpg 350w, https:\/\/www.pcnen.com\/portal\/wp-content\/uploads\/2019\/03\/presuda-djurovic-220x118.jpg 220w\" sizes=\"(max-width: 400px) 100vw, 400px\" \/><\/p>\n<p>\u0110urovi\u0107 je tu\u017eio Skup\u0161tinu Crne Gore, odnosno dr\u017eavu, i tra\u017eio poni\u0161tenja odluke o razrje\u0161enju \u010dlanstva u Savjetu RTCG, procjenjuju\u0107i da je to u\u010dinjeno suprotno zakonu.<\/p>\n<p>Vije\u0107e Osnovnog suda u Podgorici je prije godinu dana (16. februara 2018.) ukinulo rje\u0161enje sudije Radovana Vlaovi\u0107a o privremenoj mjeri, kojom je Skup\u0161tini Crne Gore nare\u0111eno da \u0110urovi\u0107a vrati na funkciju \u010dlana Savjeta RTCG do kona\u010dne sudske odluke. Vije\u0107e je na\u0161lo da je Osnovni sud u Podgorici nadle\u017ean da sudi po \u0110urovi\u0107evoj tu\u017ebi protiv Skup\u0161tine Crne Gore zbog razrje\u0161enja funkcije \u010dlana Savjeta RTCG, ali da u tom slu\u010daju nije bilo osnova za privremenu mjeru.<\/p>\n<p>\u0110urovi\u0107 je razrije\u0161en, na predlog Administrativnog odbora, glasovima poslanika vladaju\u0107e koalicije, kojoj su kvorum obezbijedili poslanici Andrija Popovi\u0107 i Genci Nimanbegu. Njih dvojica su glasali protiv razrje\u0161enja, ali su ostali u sali i obezbijedili kvorum.<\/p>\n<p>Razrje\u0161enjem \u0110urovi\u0107a i Nikole Vuk\u010devi\u0107a \u010dlanstva u Savjetu RTCG i izborom kadrova Demokratske partiji socijalista umjesto njih, re\u017eim je povratio punu kontrolu nad nacionalnim javnim\u00a0 emiterom RTCG.<\/p>\n<p>&nbsp;<\/p>\n","protected":false},"excerpt":{"rendered":"<p>Razrje\u0161enjem Gorana \u0110urovi\u0107a i Nikole Vuk\u010devi\u0107a \u010dlanstva u Savjetu RTCG i izborom kadrova DPS, re\u017eim je povratio punu kontrolu nad nacionalnim javnim  emiterom<\/p>\n","protected":false},"author":1,"featured_media":0,"comment_status":"open","ping_status":"closed","sticky":false,"template":"","format":"standard","meta":{"_seopress_robots_primary_cat":"","_seopress_titles_title":"","_seopress_titles_desc":"","_seopress_robots_index":"","_et_pb_use_builder":"","_et_pb_old_content":"","_et_gb_content_width":"","inline_featured_image":false,"footnotes":""},"categories":[14,12],"tags":[],"class_list":["post-262308","post","type-post","status-publish","format-standard","hentry","category-vijesti","category-prica-dana"],"_links":{"self":[{"href":"https:\/\/www.pcnen.com\/portal\/wp-json\/wp\/v2\/posts\/262308","targetHints":{"allow":["GET"]}}],"collection":[{"href":"https:\/\/www.pcnen.com\/portal\/wp-json\/wp\/v2\/posts"}],"about":[{"href":"https:\/\/www.pcnen.com\/portal\/wp-json\/wp\/v2\/types\/post"}],"author":[{"embeddable":true,"href":"https:\/\/www.pcnen.com\/portal\/wp-json\/wp\/v2\/users\/1"}],"replies":[{"embeddable":true,"href":"https:\/\/www.pcnen.com\/portal\/wp-json\/wp\/v2\/comments?post=262308"}],"version-history":[{"count":0,"href":"https:\/\/www.pcnen.com\/portal\/wp-json\/wp\/v2\/posts\/262308\/revisions"}],"wp:attachment":[{"href":"https:\/\/www.pcnen.com\/portal\/wp-json\/wp\/v2\/media?parent=262308"}],"wp:term":[{"taxonomy":"category","embeddable":true,"href":"https:\/\/www.pcnen.com\/portal\/wp-json\/wp\/v2\/categories?post=262308"},{"taxonomy":"post_tag","embeddable":true,"href":"https:\/\/www.pcnen.com\/portal\/wp-json\/wp\/v2\/tags?post=262308"}],"curies":[{"name":"wp","href":"https:\/\/api.w.org\/{rel}","templated":true}]}}