{"id":262205,"date":"2019-03-02T20:04:09","date_gmt":"2019-03-02T19:04:09","guid":{"rendered":"http:\/\/www.pcnen.com\/portal\/?p=262205"},"modified":"2019-03-02T20:37:00","modified_gmt":"2019-03-02T19:37:00","slug":"zavrsen-protest-97-hiljada-odupri-se","status":"publish","type":"post","link":"https:\/\/www.pcnen.com\/portal\/2019\/03\/02\/zavrsen-protest-97-hiljada-odupri-se\/","title":{"rendered":"Zavr\u0161en protest &#8216;97 hiljada &#8211; Odupri se&#8217;"},"content":{"rendered":"<p><img loading=\"lazy\" decoding=\"async\" class=\"size-full wp-image-260716 alignleft\" src=\"http:\/\/www.pcnen.com\/portal\/wp-content\/uploads\/2019\/02\/protest-97000.jpg\" alt=\"\" width=\"300\" height=\"225\" srcset=\"https:\/\/www.pcnen.com\/portal\/wp-content\/uploads\/2019\/02\/protest-97000.jpg 300w, https:\/\/www.pcnen.com\/portal\/wp-content\/uploads\/2019\/02\/protest-97000-235x176.jpg 235w, https:\/\/www.pcnen.com\/portal\/wp-content\/uploads\/2019\/02\/protest-97000-75x56.jpg 75w, https:\/\/www.pcnen.com\/portal\/wp-content\/uploads\/2019\/02\/protest-97000-220x165.jpg 220w\" sizes=\"(max-width: 300px) 100vw, 300px\" \/>&#8220;Mi nismo opasnost. Ako ho\u0107ete da \u0161titite ovu dr\u017eavu, do\u0111ite ovdje sa nama. Opasnost su oni koji uni\u0161tavaju dr\u017eavu 30 godina&#8221;, rekla je profesorica Marija Backovi\u0107 obra\u0107aju\u0107i se policiji na protestu pred vi\u0161e od 10.000 gra\u0111ana u Podgorici, na \u010detvrtom gra\u0111anskom potestu &#8220;97 hiljada \u2013 Odupri se&#8221;.<\/p>\n<p>Na najbrojnijem <a href=\"http:\/\/www.pcnen.com\/portal\/2019\/03\/02\/danas-novi-protest-oduprise-97000\/\">od \u010detiri skupa do sada,<\/a> organizatori protesta su pozvali opozicione partije da napuste Skup\u0161tinu i bojkotuju sve izbore dok ranije izneseni zahtjevi za ostavkama ne budu ispunjeni.<\/p>\n<p>Zahtjevi gra\u0111anskog protesta &#8220;Odupri se&#8221; su ostavke predsjednika dr\u017eave i Vlade, vrhovnog i specijalnog dr\u017eavnog tu\u017eioca, direktora Agencije za sprje\u010davanje korupcije, kao i savjeta i rukovodstva javnog medijskog servisa.<\/p>\n<p>Milo\u0161 Krivokapi\u0107 je rekao da svima \u010dije su ostavke tra\u017eili daju rok da to u\u010dine do 15. marta.<\/p>\n<p>&#8220;Ako to ne u\u010dine, 16. marta okupi\u0107emo se opet i ne\u0107emo se razi\u0107i dok to ne u\u010dine,&#8221; poru\u010dio je on.<\/p>\n<p>&#8220;\u010cekali smo ih \u010detiri sedmice, da\u0107emo im jo\u0161 dvije, \u0161to je vi\u0161e nego \u0161to zaslu\u017euju. Ako ne razumiju da gra\u0111ani \u010dine dr\u017eavu, razumje\u0107e kada se na ovom trgu skupi 97.000 ljudi koji \u0107e biti spremni da se bore do kraja, do slobode&#8221;, poru\u010dio je Krivokapi\u0107.<\/p>\n<p>Student Lazar Vulevi\u0107 je pozvao kolege da prestanu da \u0107ute. Kazao je da sve vi\u0161e mladih odlazi iz zemlje i da treba da se zapitaju &#8220;oni koji nas tjeraju za\u0161to je to tako&#8221;.<\/p>\n<p>&#8220;\u017delimo da ostanemo i stvaramo u svojoj dr\u017eavi&#8221;, poru\u010dio je Vulevi\u0107.<\/p>\n<p>Gra\u0111ani su nosili transparente &#8220;Domovina se brani protestom&#8221;, &#8220;Ustani i pobijedi&#8221;, &#8220;I'm gonna miss you, Milo&#8221; (Nedostaja\u0107e\u0161 mi, Milo), &#8220;Svi vide, niko da prizna koja to gazi nas \u010dizma&#8221;.<\/p>\n<p>Na protestu nije bilo strana\u010dkih, nacionalnih i drugih obilje\u017eja. Organizatori su zahvalili opozicionim partijama na tehni\u010dkoj pomo\u0107i u organizovanju protesta.<\/p>\n<p>Nakon govora, okupljeni su pro\u0161li ulicama u centru Podgorice pored, kako su kazali, zarobljenih institucija koje ne rade u interesu gra\u0111ana.<\/p>\n","protected":false},"excerpt":{"rendered":"<p>Svima \u010dije ostavke tra\u017ee  dali su rok da to u\u010dine do 15. marta.<\/p>\n","protected":false},"author":1,"featured_media":260716,"comment_status":"open","ping_status":"closed","sticky":false,"template":"","format":"standard","meta":{"_seopress_robots_primary_cat":"","_seopress_titles_title":"","_seopress_titles_desc":"","_seopress_robots_index":"","_et_pb_use_builder":"","_et_pb_old_content":"","_et_gb_content_width":"","inline_featured_image":false,"footnotes":""},"categories":[14,12],"tags":[],"class_list":["post-262205","post","type-post","status-publish","format-standard","has-post-thumbnail","hentry","category-vijesti","category-prica-dana"],"_links":{"self":[{"href":"https:\/\/www.pcnen.com\/portal\/wp-json\/wp\/v2\/posts\/262205","targetHints":{"allow":["GET"]}}],"collection":[{"href":"https:\/\/www.pcnen.com\/portal\/wp-json\/wp\/v2\/posts"}],"about":[{"href":"https:\/\/www.pcnen.com\/portal\/wp-json\/wp\/v2\/types\/post"}],"author":[{"embeddable":true,"href":"https:\/\/www.pcnen.com\/portal\/wp-json\/wp\/v2\/users\/1"}],"replies":[{"embeddable":true,"href":"https:\/\/www.pcnen.com\/portal\/wp-json\/wp\/v2\/comments?post=262205"}],"version-history":[{"count":0,"href":"https:\/\/www.pcnen.com\/portal\/wp-json\/wp\/v2\/posts\/262205\/revisions"}],"wp:featuredmedia":[{"embeddable":true,"href":"https:\/\/www.pcnen.com\/portal\/wp-json\/wp\/v2\/media\/260716"}],"wp:attachment":[{"href":"https:\/\/www.pcnen.com\/portal\/wp-json\/wp\/v2\/media?parent=262205"}],"wp:term":[{"taxonomy":"category","embeddable":true,"href":"https:\/\/www.pcnen.com\/portal\/wp-json\/wp\/v2\/categories?post=262205"},{"taxonomy":"post_tag","embeddable":true,"href":"https:\/\/www.pcnen.com\/portal\/wp-json\/wp\/v2\/tags?post=262205"}],"curies":[{"name":"wp","href":"https:\/\/api.w.org\/{rel}","templated":true}]}}