{"id":262196,"date":"2019-03-02T16:16:55","date_gmt":"2019-03-02T15:16:55","guid":{"rendered":"http:\/\/www.pcnen.com\/portal\/?p=262196"},"modified":"2019-03-02T20:15:10","modified_gmt":"2019-03-02T19:15:10","slug":"zagreb-protest-zbog-progona-i-cenzurisanja-novinara","status":"publish","type":"post","link":"https:\/\/www.pcnen.com\/portal\/2019\/03\/02\/zagreb-protest-zbog-progona-i-cenzurisanja-novinara\/","title":{"rendered":"Zagreb: Protest zbog progona i cenzurisanja novinara"},"content":{"rendered":"<p><img loading=\"lazy\" decoding=\"async\" class=\"size-full wp-image-63452 alignleft\" src=\"http:\/\/www.pcnen.com\/portal\/wp-content\/uploads\/2011\/10\/cenzura.jpeg\" alt=\"\" width=\"220\" height=\"124\" \/>Vi\u0161e od 350 novinara je, pod sloganom &#8220;Oteli ste medije, novinarstvo ne damo!&#8221;, odr\u017ealo u Zagrebu protestnu \u0161etnju od Novinarskog doma prema Ministarstvu kulture i do Vlade, gdje su predali osam zahtjeva protiv cenzure, javlja Index.hr.<\/p>\n<p>&#8220;Dosta je bilo progona novinara, dosta je uni\u0161tvanja javne profesije, to traje decenijama&#8221;, izjavio je predsjednik Hrvatskog novinarskog dru\u0161tva (HND) Hrvoje Zovko, ispred Novinarskog doma, prozivaju\u0107i Vladu da se o ovom problemu &#8220;pona\u0161a ignorantski, jer misli da je ignorisanje rje\u0161enje problema&#8221;, a \u0161to su \u010dinile i mnoge prethodne vlade uni\u0161tavaju\u0107i novinarstvo.<\/p>\n<p>Zovko je naglasio da \u017eive u zemlji u kojoj se novinari osu\u0111uju zbog objave istinite informacije, te je vrijeme &#8220;da se ka\u017ee dosta&#8221;.<\/p>\n<p>Zahvalio je svima koji su se okupili na protestu, posebno onima koji su do\u0161li iz svih djelova Hrvatske, a posebno je pozdravio kolege iz Srbije i Bosne i Hercegovine koji su pokazali \u201eljudsku i novinarsku solidarnost\u201c.<\/p>\n<p>&#8220;Ne mo\u017eete nas tu\u017eiti koliko mi mo\u017eemo pri\u010dati, to svima mora biti jasno&#8221;, poru\u010dio je Zovko.<\/p>\n<p>Vladi Andreja Plenkovi\u0107a je poru\u010dio da ozbiljno shvati ovu temu i problem s kojim se suo\u010davaju novinari, napominju\u0107i da je u Hrvatskoj na snazi najmanje 1.163 sudskih procesa protiv novinara i njihovih medijskih ku\u0107a i &#8220;gdje javni servis vodi krsta\u0161ki rat protiv novinara, medija i HND-a&#8221;.<\/p>\n<p>&#8220;Gospodo draga, dosta je bilo terora, dosta je bilo&#8221;, istakao je i pozvao kolege da u koloni krenu prema Ministarstvu kulture i predaju zahtjeve.<\/p>\n<p>&#8220;Za Ministarstvo kulture stanje je super, redovno, a za nas je stanje ugro\u017eenosti profesije&#8221;, naglasio je i najavio da se ova akcija ne zavr\u0161ava danas, ve\u0107 \u0107e se nastaviti idu\u0107e sedmice i u danima i mjesecima koji dolaze.<\/p>\n","protected":false},"excerpt":{"rendered":"<p>Vi\u0161e od 350 novinara je, pod sloganom &#8220;Oteli ste medije, novinarstvo ne damo!&#8221;, odr\u017ealo u Zagrebu protestnu \u0161etnju od Novinarskog doma prema Ministarstvu kulture i do Vlade, gdje su predali osam zahtjeva protiv cenzure, javlja Index.hr. &#8220;Dosta je bilo progona novinara, dosta je uni\u0161tvanja javne profesije, to traje decenijama&#8221;, izjavio je predsjednik Hrvatskog novinarskog dru\u0161tva [&hellip;]<\/p>\n","protected":false},"author":1,"featured_media":0,"comment_status":"open","ping_status":"closed","sticky":false,"template":"","format":"standard","meta":{"_seopress_robots_primary_cat":"","_seopress_titles_title":"","_seopress_titles_desc":"","_seopress_robots_index":"","_et_pb_use_builder":"","_et_pb_old_content":"","_et_gb_content_width":"","inline_featured_image":false,"footnotes":""},"categories":[14,12],"tags":[],"class_list":["post-262196","post","type-post","status-publish","format-standard","hentry","category-vijesti","category-prica-dana"],"_links":{"self":[{"href":"https:\/\/www.pcnen.com\/portal\/wp-json\/wp\/v2\/posts\/262196","targetHints":{"allow":["GET"]}}],"collection":[{"href":"https:\/\/www.pcnen.com\/portal\/wp-json\/wp\/v2\/posts"}],"about":[{"href":"https:\/\/www.pcnen.com\/portal\/wp-json\/wp\/v2\/types\/post"}],"author":[{"embeddable":true,"href":"https:\/\/www.pcnen.com\/portal\/wp-json\/wp\/v2\/users\/1"}],"replies":[{"embeddable":true,"href":"https:\/\/www.pcnen.com\/portal\/wp-json\/wp\/v2\/comments?post=262196"}],"version-history":[{"count":0,"href":"https:\/\/www.pcnen.com\/portal\/wp-json\/wp\/v2\/posts\/262196\/revisions"}],"wp:attachment":[{"href":"https:\/\/www.pcnen.com\/portal\/wp-json\/wp\/v2\/media?parent=262196"}],"wp:term":[{"taxonomy":"category","embeddable":true,"href":"https:\/\/www.pcnen.com\/portal\/wp-json\/wp\/v2\/categories?post=262196"},{"taxonomy":"post_tag","embeddable":true,"href":"https:\/\/www.pcnen.com\/portal\/wp-json\/wp\/v2\/tags?post=262196"}],"curies":[{"name":"wp","href":"https:\/\/api.w.org\/{rel}","templated":true}]}}