{"id":262176,"date":"2019-03-01T22:36:39","date_gmt":"2019-03-01T21:36:39","guid":{"rendered":"http:\/\/www.pcnen.com\/portal\/?p=262176"},"modified":"2019-03-02T22:41:45","modified_gmt":"2019-03-02T21:41:45","slug":"na-jugu-sunce-na-sjeveru-oblaci-2","status":"publish","type":"post","link":"https:\/\/www.pcnen.com\/portal\/2019\/03\/01\/na-jugu-sunce-na-sjeveru-oblaci-2\/","title":{"rendered":"Na jugu sunce, na sjeveru oblaci"},"content":{"rendered":"<p><img loading=\"lazy\" decoding=\"async\" src=\"http:\/\/www.pcnen.com\/portal\/wp-content\/uploads\/2016\/11\/sunce_i_oblaci-e1536266216703.jpg\" alt=\"\" width=\"300\" height=\"200\" class=\"aligncenter size-full wp-image-216613\" \/>U ju\u017enim i centralnim predjelima Crne Gore \u0107e u subotu biti prete\u017eno sun\u010dano uz promjenljivu obla\u010dnost tokom jutra ili prijepodneva. <\/p>\n<p>Na sjeveru \u0107e biti umjereno do potpuno obla\u010dno. Tokom prijepodneva, ponegdje \u0107e biti slabih  padavina. <\/p>\n<p>Na jugu \u0107e sjeverni i sjeveroisto\u010dni vjetar biti  mjestimi\u010dno umjeren i poja\u010dan, na udare ponegdje i jak. <\/p>\n<p>Jutarnja temperatura vazduha -2 do 9, najvi\u0161a dnevna 3 do 19 stepeni.<\/p>\n<p>Prete\u017eno sun\u010dano, uz promjenljivu obla\u010dnost tokom jutra ili prijepodneva \u0107e biti u Podgorici. Vjetar povremeno umjeren do poja\u010dan, na udare mogu\u0107e i jak, sjeverni i sjeveroisto\u010dni. <\/p>\n<p>Jutarnja temperatura vazduha bi\u0107e oko 5, najvi\u0161a dnevna do 18 stepeni.<\/p>\n<p><a href=\"http:\/\/www.meteo.co.me\/misc.php?text=121&amp;sektor=1&amp;grad=BER\">Prognoza za ostale gradove.<\/a><\/p>\n","protected":false},"excerpt":{"rendered":"<p>U ju\u017enim i centralnim predjelima Crne Gore \u0107e u subotu biti prete\u017eno sun\u010dano uz promjenljivu obla\u010dnost tokom jutra ili prijepodneva. Na sjeveru \u0107e biti umjereno do potpuno obla\u010dno. Tokom prijepodneva, ponegdje \u0107e biti slabih padavina. Na jugu \u0107e sjeverni i sjeveroisto\u010dni vjetar biti mjestimi\u010dno umjeren i poja\u010dan, na udare ponegdje i jak. Jutarnja temperatura vazduha [&hellip;]<\/p>\n","protected":false},"author":1,"featured_media":0,"comment_status":"open","ping_status":"closed","sticky":false,"template":"","format":"standard","meta":{"_seopress_robots_primary_cat":"","_seopress_titles_title":"","_seopress_titles_desc":"","_seopress_robots_index":"","_et_pb_use_builder":"","_et_pb_old_content":"","_et_gb_content_width":"","inline_featured_image":false,"footnotes":""},"categories":[14,12],"tags":[],"class_list":["post-262176","post","type-post","status-publish","format-standard","hentry","category-vijesti","category-prica-dana"],"_links":{"self":[{"href":"https:\/\/www.pcnen.com\/portal\/wp-json\/wp\/v2\/posts\/262176","targetHints":{"allow":["GET"]}}],"collection":[{"href":"https:\/\/www.pcnen.com\/portal\/wp-json\/wp\/v2\/posts"}],"about":[{"href":"https:\/\/www.pcnen.com\/portal\/wp-json\/wp\/v2\/types\/post"}],"author":[{"embeddable":true,"href":"https:\/\/www.pcnen.com\/portal\/wp-json\/wp\/v2\/users\/1"}],"replies":[{"embeddable":true,"href":"https:\/\/www.pcnen.com\/portal\/wp-json\/wp\/v2\/comments?post=262176"}],"version-history":[{"count":0,"href":"https:\/\/www.pcnen.com\/portal\/wp-json\/wp\/v2\/posts\/262176\/revisions"}],"wp:attachment":[{"href":"https:\/\/www.pcnen.com\/portal\/wp-json\/wp\/v2\/media?parent=262176"}],"wp:term":[{"taxonomy":"category","embeddable":true,"href":"https:\/\/www.pcnen.com\/portal\/wp-json\/wp\/v2\/categories?post=262176"},{"taxonomy":"post_tag","embeddable":true,"href":"https:\/\/www.pcnen.com\/portal\/wp-json\/wp\/v2\/tags?post=262176"}],"curies":[{"name":"wp","href":"https:\/\/api.w.org\/{rel}","templated":true}]}}