{"id":262164,"date":"2019-03-02T07:00:08","date_gmt":"2019-03-02T06:00:08","guid":{"rendered":"http:\/\/www.pcnen.com\/portal\/?p=262164"},"modified":"2019-03-02T07:49:56","modified_gmt":"2019-03-02T06:49:56","slug":"gadi-mi-se-ova-drzava-a-volim-ovu-zemlju","status":"publish","type":"post","link":"https:\/\/www.pcnen.com\/portal\/2019\/03\/02\/gadi-mi-se-ova-drzava-a-volim-ovu-zemlju\/","title":{"rendered":"Gadi mi se ova dr\u017eava, a volim ovu zemlju"},"content":{"rendered":"<p><strong><img loading=\"lazy\" decoding=\"async\" class=\" wp-image-112036 alignright\" src=\"http:\/\/www.pcnen.com\/portal\/wp-content\/uploads\/2013\/04\/aleksandar-trifunovic.jpg\" alt=\"\" width=\"269\" height=\"198\" srcset=\"https:\/\/www.pcnen.com\/portal\/wp-content\/uploads\/2013\/04\/aleksandar-trifunovic.jpg 300w, https:\/\/www.pcnen.com\/portal\/wp-content\/uploads\/2013\/04\/aleksandar-trifunovic-235x173.jpg 235w, https:\/\/www.pcnen.com\/portal\/wp-content\/uploads\/2013\/04\/aleksandar-trifunovic-75x55.jpg 75w, https:\/\/www.pcnen.com\/portal\/wp-content\/uploads\/2013\/04\/aleksandar-trifunovic-220x162.jpg 220w, https:\/\/www.pcnen.com\/portal\/wp-content\/uploads\/2013\/04\/aleksandar-trifunovic-90x65.jpg 90w\" sizes=\"(max-width: 269px) 100vw, 269px\" \/>Pi\u0161e: Aleksandar Trifunovi\u0107<\/strong><\/p>\n<p>Na svim jezicima u BiH re\u010denica \u201cNemam ni\u0161ta osim ljubavi za tebe\u201d zvu\u010di isto&#8230; Da ovo ponavljamo i mislimo svaki dan, bili bi bolji i Mi, i Oni i sve oko nas. Ali mi ba\u0161 zato i ne\u0107emo.<\/p>\n<p>Volim zemlju Bosnu i Hercegovinu. Proveo sam u njoj cijeli \u017eivot. Moji preci su ovdje do\u0161li mnogo prije datuma koje ja pamtim, seljaci, vrijedni ljudi od kojih sam potekao. Nisu vodili lak \u017eivot, bilo je te\u0161ko, nema\u0161tina i glad, djed je bio u dva svjetska rata, baka se pora\u0111ala pod drvetom, otac pje\u0161a\u010dio do \u0161kole kilometrima. Oni nisu odustali od ove zemlje, pa ne\u0107u ni ja.<\/p>\n<p>Ne trebaju mi nikakvi datumi, na silu sklepane zastave, himna bez teksta ili povremena virtuelna histerija da me na to podsjeti, ja je volim i bez toga. Putujem Bosnom i Hercegovinom vrlo \u010desto i svugdje se osje\u0107am dobro, iako putevi nisu bog zna \u0161ta. Ljudi koje sam na tim putovanjima upoznao u\u010dinili su me sre\u0107nim i moje su veliko bogatstvo. Putujem i sa svojom djecom Mihaelom i Marijom, jednako u\u017eivaju kao i ja, dru\u017ee se sa svojim vr\u0161njacima u Mostaru, Sarajevu, Trebinju &#8230;<\/p>\n<p>A \u0161to volim da putujem ka Trebinju&#8230;.uzmem dan pred sebe, vrijedi svake minute. Kanjonom do Jajca, zastanem gdje god mi se Vrbas u\u010dini ljep\u0161im nego kada sam i\u0161ao posljednji put, a pro\u0111em \u010desto. Posebno ranim jutrom, kada izmaglice zavijugaju nad urko\u0107enom vodom i zakite ga dodatno. Na Makljenu, svaki put ostanem zate\u010den kad ugledam obrise Ramskog jezera. Kako li je samo lijepo! Sa te strane Makljena, ve\u0107 po\u010dne da miri\u0161i Hercegovina. I vidi se za lijepog dana. Ako i ne, onda u Jablanici mora da ti zamiri\u0161i jagnjetina, pa Mostar&#8230; Onaj pravac od Jablanice do Mostara, to je najljep\u0161i put kojim sam se ikad vozio. Na trenutke ima\u0161 osje\u0107aj da ide\u0161 kroz Neretvu, a ne pokraj nje&#8230;..Ovo je prelijepa zemlja, a to tako rijetko primje\u0107ujemo. Ne znamo ili ne \u017eelimo, svejedno.<\/p>\n<p>Obja\u0161njavati nekome za\u0161to je odricanje od Bosne i Hercegovine glupost, za\u0161to je \u0161tetno smatram gubljenjem vremena i uvredom za li\u010dnu inteligenciju. Opet moram potcrtati &#8211; da nema Bosne i Hercegovine, ne bi bilo ni Republike Srpske, ni Federacije BiH, i obrnuto.<\/p>\n<p>Istorija ove zemlje, njena kultura i, ono najva\u017enije, ljudski odnos, nisu po\u010deli nakon referenduma o nezavisnosti Bosne i Hercegovine od Socijalisti\u010dke Federativne Republike Jugoslavije, niti od potpisivanja sporazuma u Dejtonu, ve\u0107, sre\u0107om po nas, mnogo ranije. Radni sto Petra Ko\u010di\u0107a je u Sarajevu, ne u Banjaluci, \u0161to je normalno, jer Sarajevo je najve\u0107i grad u zemlji, a u najve\u0107im gradovima uobi\u010dajeno nastaju dru\u0161tvene, poslovne i kulturne elite u zemlji. To ne mijenja \u010dinjenicu da je Petar Ko\u010di\u0107 jedan od najve\u0107ih pisaca u zemlji, srpskih i bosanskohercegova\u010dkih, kako god da vam odgovara dok ih \u010ditate. Jer pisce treba neprestano \u010ditati, a ne neprestano im brojati krvna zrnca. Da nije tako, mo\u017eda bi ku\u0107u Branka \u0106opi\u0107a, \u010dije pismo Ziji Dizdarevi\u0107u zaustavlja dah, obnavljali mi koji ga \u010ditamo, a ne Azerbejd\u017ean.<\/p>\n<p>Na svakih 50 kilometara imam nekog kome se mogu obratiti ako mi pukne guma ili mi se desi neki sli\u010dan belaj, a to nemam nigdje drugo. Iako u mojoj zemlji pri\u010damo razli\u010dite jezike, oni su, u najmanju ruku, neobi\u010dno sli\u010dni pa se, ako ho\u0107emo, dobro razumijemo.<\/p>\n<p>Na svim jezicima u BiH re\u010denica \u201cNemam ni\u0161ta osim ljubavi za tebe\u201d zvu\u010di isto&#8230; Da ovo ponavljamo i mislimo svaki dan, bili bi bolji i Mi, i Oni i sve oko nas. Ali mi ba\u0161 zato i ne\u0107emo.<\/p>\n<p>Svake sedmice ovu zemlju napusti neko koga znam. To ne volim, jer ko \u0107e ostati?<\/p>\n<p>Dr\u017eavu Bosnu i Hercegovinu ne volim.<\/p>\n<p>Gadi mi se ovaj vrhunski parazitski sistem zbog kog je najve\u0107i broj ljudi koji u njoj \u017eivi vi\u0161ak, puka statistika bez mrvice dostojanstva. Ne volim ovu dr\u017eavu zato \u0161to je i zakonom omogu\u0107ila da bez posljedica mo\u017eemo biti govna prema manjini tamo gdje god smo ve\u0107ina. Ne volim \u0161to ova dr\u017eava nikako da shvati kako je ovo lijepa zemlja i koliko u njoj ima dobrih ljudi.<\/p>\n<p>Mnogo boljih od politi\u010dara koji je vode u propast.<\/p>\n<p><a href=\"http:\/\/www.6yka.com\/novosti\/aleksandar-trifunovic-gadi-mi-se-ova-drzava-a-volim-ovu-zemlju\">Buka<\/a><\/p>\n","protected":false},"excerpt":{"rendered":"<p>Na svim jezicima u BiH re\u010denica \u201cNemam ni\u0161ta osim ljubavi za tebe\u201d zvu\u010di isto&#8230;<\/p>\n","protected":false},"author":1,"featured_media":112036,"comment_status":"open","ping_status":"closed","sticky":false,"template":"","format":"standard","meta":{"_seopress_robots_primary_cat":"","_seopress_titles_title":"","_seopress_titles_desc":"","_seopress_robots_index":"","_et_pb_use_builder":"","_et_pb_old_content":"","_et_gb_content_width":"","inline_featured_image":false,"footnotes":""},"categories":[5],"tags":[],"class_list":["post-262164","post","type-post","status-publish","format-standard","has-post-thumbnail","hentry","category-drugi-pisu"],"_links":{"self":[{"href":"https:\/\/www.pcnen.com\/portal\/wp-json\/wp\/v2\/posts\/262164","targetHints":{"allow":["GET"]}}],"collection":[{"href":"https:\/\/www.pcnen.com\/portal\/wp-json\/wp\/v2\/posts"}],"about":[{"href":"https:\/\/www.pcnen.com\/portal\/wp-json\/wp\/v2\/types\/post"}],"author":[{"embeddable":true,"href":"https:\/\/www.pcnen.com\/portal\/wp-json\/wp\/v2\/users\/1"}],"replies":[{"embeddable":true,"href":"https:\/\/www.pcnen.com\/portal\/wp-json\/wp\/v2\/comments?post=262164"}],"version-history":[{"count":0,"href":"https:\/\/www.pcnen.com\/portal\/wp-json\/wp\/v2\/posts\/262164\/revisions"}],"wp:featuredmedia":[{"embeddable":true,"href":"https:\/\/www.pcnen.com\/portal\/wp-json\/wp\/v2\/media\/112036"}],"wp:attachment":[{"href":"https:\/\/www.pcnen.com\/portal\/wp-json\/wp\/v2\/media?parent=262164"}],"wp:term":[{"taxonomy":"category","embeddable":true,"href":"https:\/\/www.pcnen.com\/portal\/wp-json\/wp\/v2\/categories?post=262164"},{"taxonomy":"post_tag","embeddable":true,"href":"https:\/\/www.pcnen.com\/portal\/wp-json\/wp\/v2\/tags?post=262164"}],"curies":[{"name":"wp","href":"https:\/\/api.w.org\/{rel}","templated":true}]}}