{"id":262160,"date":"2019-03-01T15:34:03","date_gmt":"2019-03-01T14:34:03","guid":{"rendered":"http:\/\/www.pcnen.com\/portal\/?p=262160"},"modified":"2019-03-01T15:34:03","modified_gmt":"2019-03-01T14:34:03","slug":"mans-podnio-krivicnu-prijavu-protiv-mila-dukanovica-i-njegove-sestre-ane","status":"publish","type":"post","link":"https:\/\/www.pcnen.com\/portal\/2019\/03\/01\/mans-podnio-krivicnu-prijavu-protiv-mila-dukanovica-i-njegove-sestre-ane\/","title":{"rendered":"MANS podnio krivi\u010dnu prijavu protiv Mila \u0110ukanovi\u0107a i njegove sestre Ane"},"content":{"rendered":"<p><img loading=\"lazy\" decoding=\"async\" class=\"size-full wp-image-136799 alignright\" src=\"http:\/\/www.pcnen.com\/portal\/wp-content\/uploads\/2014\/02\/korupcija.jpg\" alt=\"\" width=\"332\" height=\"152\" \/>Mre\u017ea za afirmaciju nevladinog sektora (MANS) je podnijela danas krivi\u010dnu prijavu protiv predsjednika Crne Gore Mila \u0110ukanovi\u0107a i njegove sestre advokatice Ane \u0110ukanovi\u0107, kao i protiv vi\u0161e osoba umije\u0161anih u privatizaciju Telekoma Crne Gore 2005. godine, zbog sumnje u zloupotrebu slu\u017ebenog polo\u017eaja i primanje mita.<\/p>\n<p>Krivi\u010dna prijava podnijeta je specijalnom tu\u017eiocu za suzbijanje organizovanog kriminala i korupcije, a njome su osim Mila i Ane \u0110ukanovi\u0107, obuhva\u0107ena NN lica \u2013 funkcioneri izvr\u0161ne vlasti u 2005. godini, u period privatizacijeTelekoma, kao i NN lica, koja su u\u010destvovala u zaklju\u010denju simulovanih ugovora sa firmama &#8216;Fiesta&#8217;, &#8216;Aktiva&#8217;, &#8216;Sigma&#8217; i &#8216;Roli&#8217;, preko kojih je ispla\u0107en mito.<\/p>\n<p>Pored toga, krivi\u010dnom prijavom su obuhva\u0107eni i Veselin Barovi\u0107, Oleg Obradovi\u0107, Damjan Hosta i Toma\u0161 Morvai, predstavnik Ma\u0111ar Telekoma.<\/p>\n<p>Krivi\u010dnom prijavom se pomenuti terete da su kroz organizovanje kriminalne grupe, koriste\u0107i privredne i poslovne strukture Crne Gore, preko uticaja na izvr\u0161nu vlast obezbijedili da Vlada Crne Gore omogu\u0107i Ma\u0111ar Telekomu da po povoljnijim uslovima kupi akcije manjinskih akcionara i tako do\u0111e u posjed dvije tre\u0107ine akcija Telekoma CG, a \u0161to je bio uslov za kupovinu dr\u017eavnog paketa akcija kompanije, <a href=\"http:\/\/www.mans.co.me\/krivicna-prijava-protiv-mila-i-ane-dukanovic-i-vise-funkcionera\/\" target=\"_blank\" rel=\"noopener\">stoji u saop\u0161tenju MANS-a.<\/a><\/p>\n","protected":false},"excerpt":{"rendered":"<p>Krivi\u010dna prijava podnijeta je specijalnom tu\u017eiocu za suzbijanje organizovanog kriminala i korupcije<\/p>\n","protected":false},"author":1,"featured_media":0,"comment_status":"open","ping_status":"closed","sticky":false,"template":"","format":"standard","meta":{"_seopress_robots_primary_cat":"","_seopress_titles_title":"","_seopress_titles_desc":"","_seopress_robots_index":"","_et_pb_use_builder":"","_et_pb_old_content":"","_et_gb_content_width":"","inline_featured_image":false,"footnotes":""},"categories":[14,12],"tags":[],"class_list":["post-262160","post","type-post","status-publish","format-standard","hentry","category-vijesti","category-prica-dana"],"_links":{"self":[{"href":"https:\/\/www.pcnen.com\/portal\/wp-json\/wp\/v2\/posts\/262160","targetHints":{"allow":["GET"]}}],"collection":[{"href":"https:\/\/www.pcnen.com\/portal\/wp-json\/wp\/v2\/posts"}],"about":[{"href":"https:\/\/www.pcnen.com\/portal\/wp-json\/wp\/v2\/types\/post"}],"author":[{"embeddable":true,"href":"https:\/\/www.pcnen.com\/portal\/wp-json\/wp\/v2\/users\/1"}],"replies":[{"embeddable":true,"href":"https:\/\/www.pcnen.com\/portal\/wp-json\/wp\/v2\/comments?post=262160"}],"version-history":[{"count":0,"href":"https:\/\/www.pcnen.com\/portal\/wp-json\/wp\/v2\/posts\/262160\/revisions"}],"wp:attachment":[{"href":"https:\/\/www.pcnen.com\/portal\/wp-json\/wp\/v2\/media?parent=262160"}],"wp:term":[{"taxonomy":"category","embeddable":true,"href":"https:\/\/www.pcnen.com\/portal\/wp-json\/wp\/v2\/categories?post=262160"},{"taxonomy":"post_tag","embeddable":true,"href":"https:\/\/www.pcnen.com\/portal\/wp-json\/wp\/v2\/tags?post=262160"}],"curies":[{"name":"wp","href":"https:\/\/api.w.org\/{rel}","templated":true}]}}