{"id":262142,"date":"2019-03-01T12:39:00","date_gmt":"2019-03-01T11:39:00","guid":{"rendered":"http:\/\/www.pcnen.com\/portal\/?p=262142"},"modified":"2019-03-01T12:40:10","modified_gmt":"2019-03-01T11:40:10","slug":"direktor-zavoda-za-skolstvo-prepravio-ocjenu-nadzornika","status":"publish","type":"post","link":"https:\/\/www.pcnen.com\/portal\/2019\/03\/01\/direktor-zavoda-za-skolstvo-prepravio-ocjenu-nadzornika\/","title":{"rendered":"Direktor Zavoda za \u0161kolstvo prepravio ocjenu nadzornika"},"content":{"rendered":"<p><img loading=\"lazy\" decoding=\"async\" class=\"size-full wp-image-262144 alignright\" src=\"http:\/\/www.pcnen.com\/portal\/wp-content\/uploads\/2019\/03\/gumica-brisanje-2.jpg\" alt=\"\" width=\"300\" height=\"185\" \/>Direktor Zavoda za \u0161kolstvo Re\u0161ad Sijari\u0107 je promijenio ocjenu sa inspekcijskog nadzora JPU &#8216;\u0110ina Vrbica&#8217; sa nezadovoljava na uglavnom zadovoljava za Kvalitet upravljanja i rukovo\u0111enja ustanovom. Direktor JPU &#8216;\u0110ina Vrbica&#8217; je Vuk Stani\u0161i\u0107, kojeg je na to mjesto postavio ministar prosvjete Damir \u0160ehovi\u0107.<\/p>\n<p>U Izvje\u0161taju koji su sa\u010dinili nadzornici Vojin Cicmil, Aleksandra Ve\u0161kovi\u0107-Ivanovi\u0107, Fran Vuljaj i Nata\u0161a Tomanovi\u0107, navodi se da \u2013 brojni problemi u upravljanju i rukovo\u0111enju JPU &#8216;\u0110ina Vrbica&#8217; negativno uti\u010du na vaspitno-obrazovnu proces i pedago\u0161ku praksu, posebno na cjelovit razvoj djece, pi\u0161e Monitor.<\/p>\n","protected":false},"excerpt":{"rendered":"<p>Sa nezadovoljava, direktor prepravio na uglavnom zadovoljava <\/p>\n","protected":false},"author":1,"featured_media":262143,"comment_status":"open","ping_status":"closed","sticky":false,"template":"","format":"standard","meta":{"_seopress_robots_primary_cat":"","_seopress_titles_title":"","_seopress_titles_desc":"","_seopress_robots_index":"","_et_pb_use_builder":"","_et_pb_old_content":"","_et_gb_content_width":"","inline_featured_image":false,"footnotes":""},"categories":[14,12],"tags":[],"class_list":["post-262142","post","type-post","status-publish","format-standard","has-post-thumbnail","hentry","category-vijesti","category-prica-dana"],"_links":{"self":[{"href":"https:\/\/www.pcnen.com\/portal\/wp-json\/wp\/v2\/posts\/262142","targetHints":{"allow":["GET"]}}],"collection":[{"href":"https:\/\/www.pcnen.com\/portal\/wp-json\/wp\/v2\/posts"}],"about":[{"href":"https:\/\/www.pcnen.com\/portal\/wp-json\/wp\/v2\/types\/post"}],"author":[{"embeddable":true,"href":"https:\/\/www.pcnen.com\/portal\/wp-json\/wp\/v2\/users\/1"}],"replies":[{"embeddable":true,"href":"https:\/\/www.pcnen.com\/portal\/wp-json\/wp\/v2\/comments?post=262142"}],"version-history":[{"count":0,"href":"https:\/\/www.pcnen.com\/portal\/wp-json\/wp\/v2\/posts\/262142\/revisions"}],"wp:featuredmedia":[{"embeddable":true,"href":"https:\/\/www.pcnen.com\/portal\/wp-json\/wp\/v2\/media\/262143"}],"wp:attachment":[{"href":"https:\/\/www.pcnen.com\/portal\/wp-json\/wp\/v2\/media?parent=262142"}],"wp:term":[{"taxonomy":"category","embeddable":true,"href":"https:\/\/www.pcnen.com\/portal\/wp-json\/wp\/v2\/categories?post=262142"},{"taxonomy":"post_tag","embeddable":true,"href":"https:\/\/www.pcnen.com\/portal\/wp-json\/wp\/v2\/tags?post=262142"}],"curies":[{"name":"wp","href":"https:\/\/api.w.org\/{rel}","templated":true}]}}