{"id":262130,"date":"2019-03-02T08:59:05","date_gmt":"2019-03-02T07:59:05","guid":{"rendered":"http:\/\/www.pcnen.com\/portal\/?p=262130"},"modified":"2019-03-02T20:05:19","modified_gmt":"2019-03-02T19:05:19","slug":"danas-novi-protest-oduprise-97000","status":"publish","type":"post","link":"https:\/\/www.pcnen.com\/portal\/2019\/03\/02\/danas-novi-protest-oduprise-97000\/","title":{"rendered":"Danas novi protest #ODUPRISE 97000"},"content":{"rendered":"<p><img loading=\"lazy\" decoding=\"async\" class=\"size-medium wp-image-262032 alignleft\" src=\"http:\/\/www.pcnen.com\/portal\/wp-content\/uploads\/2019\/02\/odup-300x157.jpg\" alt=\"\" width=\"300\" height=\"157\" srcset=\"https:\/\/www.pcnen.com\/portal\/wp-content\/uploads\/2019\/02\/odup-300x157.jpg 300w, https:\/\/www.pcnen.com\/portal\/wp-content\/uploads\/2019\/02\/odup-235x123.jpg 235w, https:\/\/www.pcnen.com\/portal\/wp-content\/uploads\/2019\/02\/odup-75x39.jpg 75w, https:\/\/www.pcnen.com\/portal\/wp-content\/uploads\/2019\/02\/odup.jpg 350w, https:\/\/www.pcnen.com\/portal\/wp-content\/uploads\/2019\/02\/odup-220x115.jpg 220w\" sizes=\"(max-width: 300px) 100vw, 300px\" \/>Na Trgu nezavisnosti u Podgorici za danas u 18.00 sati zakazan je novi protestni skup u organizaciji neformalne gra\u0111anske organizacije #oduprise 97000.<\/p>\n<p>\u201cPozivamo slobodne gra\u0111ane i gra\u0111anke da 3. marta u 18 \u010dasova iza\u0111emo na Trg nezavisnosti i poka\u017eemo da MI SMO DR\u017dAVA, da zajedno mo\u017eemo dovesti do su\u0161tinske promjene sistema koji je zaboravio da treba da slu\u017ei javnom i interesu gra\u0111ana i gra\u0111anki, a ne bilo kom i \u010dijem drugo. Oduprimo se!\u201c, navedeno je u saop\u0161tenju Organizacionog odbora protesta.<\/p>\n<p>Dana\u0161nji protest je \u010detvrti gra\u0111anski protest pod sloganom &#8220;97.000 \u2013 Odupri se!&#8221;.<\/p>\n<p>\u201cKao i do sada, poka\u017eimo mo\u0107, ali i odgovornost koju nosimo kao slobodni gra\u0111ani i gra\u0111anke. O\u010dekujemo da na\u0161e okupljanje protekne mirno i dostojanstveno. Apelujemo na gra\u0111ane i gra\u0111anke da nam se pridru\u017ee bez ikakvih strana\u010dkih, nacionalnih i drugih obilje\u017eja.Uz zahvalnost iskazanu na pro\u0161lim protestima, u\u010desnike \u010detvrtog okupljanja pozivamo na solidarnost i uva\u017eavanje prema djeci, starijima, trudnicama\u00a0 i OSI populaciji. Redarska slu\u017eba \u0107e ukazati posebnu pa\u017enju i obezbje\u0111enje, ali isto o\u010dekujemo i od okupljenih\u201c, poru\u010deno je u saop\u0161tenju.<\/p>\n<p>Od u\u010desnika\/ca protesta se o\u010dekuje \u201cda pru\u017ee aktivnu pomo\u0107 redarskoj slu\u017ebi i reaguju na provokaciju bilo koje vrste tako \u0161to \u0107e kontaktirati najbli\u017eeg redara\u201c. \u201cNe dozvolimo da bilo kakav nasilni incident ugrozi na\u0161e zakonsko pravo da poka\u017eemo da su gra\u0111ani i gra\u0111anke DR\u017dAVA. Kroz proteste odbranimo Ustav Crne Gore u jedinoj slobodnoj instituciji koja nam je ostala \u2013 Ulici\u201c.<\/p>\n<p>Protestna \u0161etnja po\u010de\u0107e na Trgu nezavisnosti, gdje \u0107e biti upu\u0107eni novi zahtjevi. Nakon govora i proglasa, najavljena je \u0161etnja Ulicom slobode ka brdu Gorica, zatim Bulevarom Ivana Crnojevi\u0107a, Ulicom Stanka Dragojevi\u0107a, Bulevarom Svetog Petra Cetinjskog i nazad Ulicom slobode do Trga nezavisnosti. \u201cProtestnom \u0161etnjom \u0107emo, kao i do sada, obi\u0107i institucije sistema koje ne rade u interesu gra\u0111ana i gra\u0111anki\u201c, navedeno je u saop\u0161tenju.<\/p>\n","protected":false},"excerpt":{"rendered":"<p>Na Trgu nezavisnosti u Podgorici za danas u 18.00 sati zakazan je novi protestni skup u organizaciji neformalne gra\u0111anske organizacije #oduprise 97000. \u201cPozivamo slobodne gra\u0111ane i gra\u0111anke da 3. marta u 18 \u010dasova iza\u0111emo na Trg nezavisnosti i poka\u017eemo da MI SMO DR\u017dAVA, da zajedno mo\u017eemo dovesti do su\u0161tinske promjene sistema koji je zaboravio da [&hellip;]<\/p>\n","protected":false},"author":1,"featured_media":262032,"comment_status":"open","ping_status":"closed","sticky":false,"template":"","format":"standard","meta":{"_seopress_robots_primary_cat":"","_seopress_titles_title":"","_seopress_titles_desc":"","_seopress_robots_index":"","_et_pb_use_builder":"","_et_pb_old_content":"","_et_gb_content_width":"","inline_featured_image":false,"footnotes":""},"categories":[14],"tags":[],"class_list":["post-262130","post","type-post","status-publish","format-standard","has-post-thumbnail","hentry","category-vijesti"],"_links":{"self":[{"href":"https:\/\/www.pcnen.com\/portal\/wp-json\/wp\/v2\/posts\/262130","targetHints":{"allow":["GET"]}}],"collection":[{"href":"https:\/\/www.pcnen.com\/portal\/wp-json\/wp\/v2\/posts"}],"about":[{"href":"https:\/\/www.pcnen.com\/portal\/wp-json\/wp\/v2\/types\/post"}],"author":[{"embeddable":true,"href":"https:\/\/www.pcnen.com\/portal\/wp-json\/wp\/v2\/users\/1"}],"replies":[{"embeddable":true,"href":"https:\/\/www.pcnen.com\/portal\/wp-json\/wp\/v2\/comments?post=262130"}],"version-history":[{"count":0,"href":"https:\/\/www.pcnen.com\/portal\/wp-json\/wp\/v2\/posts\/262130\/revisions"}],"wp:featuredmedia":[{"embeddable":true,"href":"https:\/\/www.pcnen.com\/portal\/wp-json\/wp\/v2\/media\/262032"}],"wp:attachment":[{"href":"https:\/\/www.pcnen.com\/portal\/wp-json\/wp\/v2\/media?parent=262130"}],"wp:term":[{"taxonomy":"category","embeddable":true,"href":"https:\/\/www.pcnen.com\/portal\/wp-json\/wp\/v2\/categories?post=262130"},{"taxonomy":"post_tag","embeddable":true,"href":"https:\/\/www.pcnen.com\/portal\/wp-json\/wp\/v2\/tags?post=262130"}],"curies":[{"name":"wp","href":"https:\/\/api.w.org\/{rel}","templated":true}]}}