{"id":262125,"date":"2019-03-01T09:58:12","date_gmt":"2019-03-01T08:58:12","guid":{"rendered":"http:\/\/www.pcnen.com\/portal\/?p=262125"},"modified":"2019-10-09T22:56:00","modified_gmt":"2019-10-09T20:56:00","slug":"predizborne-lazi-u-tuzima","status":"publish","type":"post","link":"https:\/\/www.pcnen.com\/portal\/2019\/03\/01\/predizborne-lazi-u-tuzima\/","title":{"rendered":"Predizborne la\u017ei u Tuzima"},"content":{"rendered":"<p>\u201cNemam dilemu zbog svega \u0161to je DPS na \u010delu sa predsjednikom \u0110ukanovi\u0107em u\u010dinila za Tuzi i Crnu Goru tokom proteklih 20 godina. Da nije bilo na\u0161e partije i da na njenom \u010delu nije bio Milo \u0110ukanovi\u0107, niti bi Crna Gora bila nezavisna, me\u0111unarodno priznata dr\u017eava, niti bi Tuzi danas bile samostalna op\u0161tina. Nemam dilemu ni zbog svega \u0161to je Vlada na \u010delu sa premijerom Markovi\u0107em u\u010dinila tokom protekle dvije godine u\u010dinila za Tuzi, ni zbog svega \u0161to je Glavni grad uradio za Tuzi tokom proteklim godina\u201c, kazao je gradona\u010delnik Podgorice Ivan Vukovi\u0107 na ju\u010dera\u0161njem predizbornom skupu u Tuzima.<\/p>\n<p>Me\u0111unarodni magistralni put Podgorica \u2013 Tuzi \u2013 Bo\u017eaj sa ogromnom frekfencijom saobra\u0107aja je neosvijetljen, sa lo\u0161im, stalno izraubovanim asfaltom, bez trotoara. Prolazi kroz sam centar Tuzi gdje se stvaraju ogromne gu\u017eve i totalni kolaps saobra\u0107aja.<\/p>\n<p>Svi drugi magistralni putevi na izlazu iz Podgorice su osvjetlljeni, sa neuporedivo boljom asfaltnom podlogom, zaobilaznicama. Magistralni put za Golubovce ima \u010detiri trake, zaobilaznicu, kru\u017ene tokove, trotoar sa obije strane, iako je skoro tri put du\u017ei, iako je morala biti ra\u0111ena eksproprijacija za njegovo pro\u0161irenje, za razliku od puta za Tuzi gdje uglavnom ne treba.<\/p>\n<p>\u010cak je i put za Dino\u0161u osvjetljen, sa trotoarom i neuporedivo boljom asfaltnom podlogom, iako je frekfencija saobra\u0107aja nekoliko stotina puta manja. Ponavljam, nekoliko stotina puta manja!<\/p>\n<p>Karabu\u0161ko polje koje je locirano uz pomenuti magistralni put, ima vi\u0161e stanovnika nego selo Dino\u0161a, i iako je udaljeno na manje od dva kilometra od Tuzi, nema trotoara, nema \u010dak ni uski, kolovoznom signalizacijom odvojeni dio za pje\u0161ake. Pri tome, stanovnici Karabu\u0161kog polja nemaju ni banku, ni po\u0161tu, ni \u0161kolu, ni Dom zdravlja, ni\u2026, te zbog toga bar jednom dnevno moraju i\u0107i u Tuze, ali automobilom.<\/p>\n<div id=\"attachment_255271\" style=\"width: 310px\" class=\"wp-caption alignright\"><img loading=\"lazy\" decoding=\"async\" aria-describedby=\"caption-attachment-255271\" class=\"size-medium wp-image-255271\" src=\"http:\/\/www.pcnen.com\/portal\/wp-content\/uploads\/2018\/10\/Ne-Cijevnu-u-cijevi-300x154.jpg\" alt=\"\" width=\"300\" height=\"154\" \/><p id=\"caption-attachment-255271\" class=\"wp-caption-text\">Foto: Ilija Rajda Peri\u0107, screenshot<\/p><\/div>\n<p>AD \u201cPlanta\u017ee\u201d \u010diji je vlasnik dr\u017eava su protivzakonito zagradile lijevi krak rijeke Cijevne nizvodno od mosta i onemogu\u0107ile prilaz rijeci u du\u017eini od tri kilometra. Na samo 200 metara od mosta nalazi se nekad omiljena pla\u017ea i kupali\u0161te Tuzana, zvano Kotli\u0161, ali mu je pristup onemogu\u0107en, kao i jo\u0161 desetinama pla\u017ea sa lijeve strane obale rijeke. Za navedeno posjedujem neoborive dokaze koje sam predo\u010dio \u201cinstitucijama\u201d, koje su, normalno, ostale nijeme, jer je Verica Mara\u0161 partijski kadar kao i Bo\u017eidar Vuksanovi\u0107, direktor Uprave za inspekcije poslove, kojem sam uputio desetak dopisa sa nespornim dokazima da su AD \u201cPlanta\u017ee\u201d protivzakonito onemogu\u0107ile prilaz javnom dobru, pri tome postavljaju\u0107i dio ograde na op\u0161tinskom a ne svom zemlji\u0161tu, tako\u0111e protivzakonito i bez dozvole.<\/p>\n<p>No, u partijskoj dr\u017eavi vlada partija, a zakoni su mrtvo slovo na papiru.<\/p>\n<p>U Tuzi je privredni \u017eivot potpuno mrtav. Nema nikakvog pogona, male fabrike, male privrede. Rade samo kladionice i par kafana. Omladina je nezaposlena i bje\u017ei u Podgoricu, ili jo\u0161 \u010de\u0161\u0107e u inostranstvo.<\/p>\n<p>Toliko o tome, crno na bijelo, koliko je: \u201cVlada na \u010delu sa premijerom Markovi\u0107em tokom protekle dvije godine u\u010dinila za Tuzi, i svega \u0161to je Glavni grad uradio za Tuzi tokom proteklih godina.\u201d<\/p>\n","protected":false},"excerpt":{"rendered":"<p>Pi\u0161e: Omer \u0160ARKI\u0106<\/p>\n","protected":false},"author":12,"featured_media":0,"comment_status":"open","ping_status":"closed","sticky":false,"template":"","format":"standard","meta":{"_seopress_robots_primary_cat":"","_seopress_titles_title":"","_seopress_titles_desc":"","_seopress_robots_index":"","_et_pb_use_builder":"","_et_pb_old_content":"","_et_gb_content_width":"","inline_featured_image":false,"footnotes":""},"categories":[17],"tags":[],"class_list":["post-262125","post","type-post","status-publish","format-standard","hentry","category-blogovi"],"_links":{"self":[{"href":"https:\/\/www.pcnen.com\/portal\/wp-json\/wp\/v2\/posts\/262125","targetHints":{"allow":["GET"]}}],"collection":[{"href":"https:\/\/www.pcnen.com\/portal\/wp-json\/wp\/v2\/posts"}],"about":[{"href":"https:\/\/www.pcnen.com\/portal\/wp-json\/wp\/v2\/types\/post"}],"author":[{"embeddable":true,"href":"https:\/\/www.pcnen.com\/portal\/wp-json\/wp\/v2\/users\/12"}],"replies":[{"embeddable":true,"href":"https:\/\/www.pcnen.com\/portal\/wp-json\/wp\/v2\/comments?post=262125"}],"version-history":[{"count":0,"href":"https:\/\/www.pcnen.com\/portal\/wp-json\/wp\/v2\/posts\/262125\/revisions"}],"wp:attachment":[{"href":"https:\/\/www.pcnen.com\/portal\/wp-json\/wp\/v2\/media?parent=262125"}],"wp:term":[{"taxonomy":"category","embeddable":true,"href":"https:\/\/www.pcnen.com\/portal\/wp-json\/wp\/v2\/categories?post=262125"},{"taxonomy":"post_tag","embeddable":true,"href":"https:\/\/www.pcnen.com\/portal\/wp-json\/wp\/v2\/tags?post=262125"}],"curies":[{"name":"wp","href":"https:\/\/api.w.org\/{rel}","templated":true}]}}