{"id":262101,"date":"2019-02-28T22:25:23","date_gmt":"2019-02-28T21:25:23","guid":{"rendered":"http:\/\/www.pcnen.com\/portal\/?p=262101"},"modified":"2019-02-28T22:25:23","modified_gmt":"2019-02-28T21:25:23","slug":"oblacno-tokom-noci-padavine","status":"publish","type":"post","link":"https:\/\/www.pcnen.com\/portal\/2019\/02\/28\/oblacno-tokom-noci-padavine\/","title":{"rendered":"Obla\u010dno, tokom no\u0107i padavine"},"content":{"rendered":"<p><img loading=\"lazy\" decoding=\"async\" src=\"http:\/\/www.pcnen.com\/portal\/wp-content\/uploads\/2017\/04\/oblano-300x183.jpg\" alt=\"\" width=\"300\" height=\"183\" class=\"alignright size-medium wp-image-224509\" \/>U petak \u0107e u Crnoj Gori biti malo do umjereno obla\u010dno sa sun\u010danim intervalima. <\/p>\n<p>Na sjeveru, ujutro, po kotlinama je mogu\u0107a magla ili niska obla\u010dnost, a krajem dana i tokom no\u0107i do\u0107i \u0107e do ja\u010deg naobla\u010denja, ponegdje uz slabe padavine, u vi\u0161im planinskim predjelima snijeg ili susnje\u017eica, a u ni\u017eim ki\u0161a. <\/p>\n<p>Vjetar \u0107e biti slab do umjeren i promjenljiv, u no\u0107nim satima sjeverni i sjeveroisto\u010dni, mjestimi\u010dno umjeren i poja\u010dan.<br \/>\nJutarnja temperatura vazduha -6 do 8, najvi\u0161a dnevna 7 do 18 stepeni.<br \/>\nU Podgorici \u0107e biti prete\u017eno ili djelimi\u010dno sun\u010dano i suvo vrijeme. Vjetar \u0107e biti slab i promjenljiv, tokom no\u0107i sjeverni i sjeveroisto\u010dni, umjeren do poja\u010dan. <\/p>\n<p>Jutarnja temperatura vazduha oko 3, najvi\u0161a dnevna do 16 stepeni.<\/p>\n<p><a href=\"http:\/\/www.meteo.co.me\/misc.php?text=121&amp;sektor=1&amp;grad=BER\">Prognoza za ostale gradove.<\/a><\/p>\n","protected":false},"excerpt":{"rendered":"<p>U petak \u0107e u Crnoj Gori biti malo do umjereno obla\u010dno sa sun\u010danim intervalima. Na sjeveru, ujutro, po kotlinama je mogu\u0107a magla ili niska obla\u010dnost, a krajem dana i tokom no\u0107i do\u0107i \u0107e do ja\u010deg naobla\u010denja, ponegdje uz slabe padavine, u vi\u0161im planinskim predjelima snijeg ili susnje\u017eica, a u ni\u017eim ki\u0161a. Vjetar \u0107e biti slab [&hellip;]<\/p>\n","protected":false},"author":1,"featured_media":0,"comment_status":"open","ping_status":"closed","sticky":false,"template":"","format":"standard","meta":{"_seopress_robots_primary_cat":"","_seopress_titles_title":"","_seopress_titles_desc":"","_seopress_robots_index":"","_et_pb_use_builder":"","_et_pb_old_content":"","_et_gb_content_width":"","inline_featured_image":false,"footnotes":""},"categories":[14,12],"tags":[],"class_list":["post-262101","post","type-post","status-publish","format-standard","hentry","category-vijesti","category-prica-dana"],"_links":{"self":[{"href":"https:\/\/www.pcnen.com\/portal\/wp-json\/wp\/v2\/posts\/262101","targetHints":{"allow":["GET"]}}],"collection":[{"href":"https:\/\/www.pcnen.com\/portal\/wp-json\/wp\/v2\/posts"}],"about":[{"href":"https:\/\/www.pcnen.com\/portal\/wp-json\/wp\/v2\/types\/post"}],"author":[{"embeddable":true,"href":"https:\/\/www.pcnen.com\/portal\/wp-json\/wp\/v2\/users\/1"}],"replies":[{"embeddable":true,"href":"https:\/\/www.pcnen.com\/portal\/wp-json\/wp\/v2\/comments?post=262101"}],"version-history":[{"count":0,"href":"https:\/\/www.pcnen.com\/portal\/wp-json\/wp\/v2\/posts\/262101\/revisions"}],"wp:attachment":[{"href":"https:\/\/www.pcnen.com\/portal\/wp-json\/wp\/v2\/media?parent=262101"}],"wp:term":[{"taxonomy":"category","embeddable":true,"href":"https:\/\/www.pcnen.com\/portal\/wp-json\/wp\/v2\/categories?post=262101"},{"taxonomy":"post_tag","embeddable":true,"href":"https:\/\/www.pcnen.com\/portal\/wp-json\/wp\/v2\/tags?post=262101"}],"curies":[{"name":"wp","href":"https:\/\/api.w.org\/{rel}","templated":true}]}}