{"id":262069,"date":"2019-02-28T09:01:54","date_gmt":"2019-02-28T08:01:54","guid":{"rendered":"http:\/\/www.pcnen.com\/portal\/?p=262069"},"modified":"2019-02-28T13:26:25","modified_gmt":"2019-02-28T12:26:25","slug":"ziva-soda-mozda-zavrsila-u-moraci","status":"publish","type":"post","link":"https:\/\/www.pcnen.com\/portal\/2019\/02\/28\/ziva-soda-mozda-zavrsila-u-moraci\/","title":{"rendered":"\u017diva soda mo\u017eda zavr\u0161ila u Mora\u010di"},"content":{"rendered":"<p><img loading=\"lazy\" decoding=\"async\" class=\"alignright size-full wp-image-115491\" src=\"http:\/\/www.pcnen.com\/portal\/wp-content\/uploads\/2013\/06\/KAP.jpg\" alt=\"\" width=\"259\" height=\"194\" \/>Inspekcijskim nadzorom, obavljenim 25. februara, utvr\u0111eno je da se izvjesna koli\u010dina lu\u017eine ulila u kanal otpadnih voda Kombinata aluminijuma, objavio je podgori\u010dki Dan, pozivaju\u0107i se na Upravu za inspekcijske poslove.<\/p>\n<p>Ekolo\u0161ka inspekcija sada ispituje da li je kausti\u010dna (\u017eiva) soda iz KAP-a zavr\u0161ila u rijeci Mora\u010di. Rezultati ispitivanja o\u010dekuju se za nedjelju dana.<\/p>\n","protected":false},"excerpt":{"rendered":"<p>Inspekcijskim nadzorom, obavljenim 25. februara, utvr\u0111eno je da se izvjesna koli\u010dina lu\u017eine ulila u kanal otpadnih voda Kombinata aluminijuma, objavio je podgori\u010dki Dan, pozivaju\u0107i se na Upravu za inspekcijske poslove. Ekolo\u0161ka inspekcija sada ispituje da li je kausti\u010dna (\u017eiva) soda iz KAP-a zavr\u0161ila u rijeci Mora\u010di. Rezultati ispitivanja o\u010dekuju se za nedjelju dana.<\/p>\n","protected":false},"author":1,"featured_media":0,"comment_status":"open","ping_status":"closed","sticky":false,"template":"","format":"standard","meta":{"_seopress_robots_primary_cat":"","_seopress_titles_title":"","_seopress_titles_desc":"","_seopress_robots_index":"","_et_pb_use_builder":"","_et_pb_old_content":"","_et_gb_content_width":"","inline_featured_image":false,"footnotes":""},"categories":[14,12],"tags":[],"class_list":["post-262069","post","type-post","status-publish","format-standard","hentry","category-vijesti","category-prica-dana"],"_links":{"self":[{"href":"https:\/\/www.pcnen.com\/portal\/wp-json\/wp\/v2\/posts\/262069","targetHints":{"allow":["GET"]}}],"collection":[{"href":"https:\/\/www.pcnen.com\/portal\/wp-json\/wp\/v2\/posts"}],"about":[{"href":"https:\/\/www.pcnen.com\/portal\/wp-json\/wp\/v2\/types\/post"}],"author":[{"embeddable":true,"href":"https:\/\/www.pcnen.com\/portal\/wp-json\/wp\/v2\/users\/1"}],"replies":[{"embeddable":true,"href":"https:\/\/www.pcnen.com\/portal\/wp-json\/wp\/v2\/comments?post=262069"}],"version-history":[{"count":0,"href":"https:\/\/www.pcnen.com\/portal\/wp-json\/wp\/v2\/posts\/262069\/revisions"}],"wp:attachment":[{"href":"https:\/\/www.pcnen.com\/portal\/wp-json\/wp\/v2\/media?parent=262069"}],"wp:term":[{"taxonomy":"category","embeddable":true,"href":"https:\/\/www.pcnen.com\/portal\/wp-json\/wp\/v2\/categories?post=262069"},{"taxonomy":"post_tag","embeddable":true,"href":"https:\/\/www.pcnen.com\/portal\/wp-json\/wp\/v2\/tags?post=262069"}],"curies":[{"name":"wp","href":"https:\/\/api.w.org\/{rel}","templated":true}]}}