{"id":262067,"date":"2019-02-28T08:48:08","date_gmt":"2019-02-28T07:48:08","guid":{"rendered":"http:\/\/www.pcnen.com\/portal\/?p=262067"},"modified":"2019-02-28T08:48:08","modified_gmt":"2019-02-28T07:48:08","slug":"tramp-i-dzong-un-prekinuli-razgovore","status":"publish","type":"post","link":"https:\/\/www.pcnen.com\/portal\/2019\/02\/28\/tramp-i-dzong-un-prekinuli-razgovore\/","title":{"rendered":"Tramp i D\u017eong Un prekinuli razgovore"},"content":{"rendered":"<p><img loading=\"lazy\" decoding=\"async\" class=\"alignright size-medium wp-image-248178\" src=\"http:\/\/www.pcnen.com\/portal\/wp-content\/uploads\/2018\/06\/Kim-Tramp-300x188.jpeg\" alt=\"\" width=\"300\" height=\"188\" \/>Razgovori predsjednika SAD Donalda Trumpa i sjevernokorejskog lidera Kima D\u017eong Una zav\u0161rili su ne\u0161to prije nego \u0161to je bilo planirano, a otkazan je i radni ru\u010dak, javljaju online mediji.<\/p>\n<p>Iz Bijele ku\u0107e je saop\u0161teno da su razgovori bili konstruktivni, ali da, za sada, nema nikakvog dogovora.<\/p>\n<p>\u201cOvaj put nije postignut sporazum, ali strane o\u010dekuju sastanak u buduc\u0301nosti. Lideri su razmotrili razli\u010dite na\u010dine za pomak u denuklearizaciji\u201c, rekla je portparolka Bijele kuc\u0301e Sara Sanders.<\/p>\n<p>Sastanak dvojice lidera odr\u017ean je u Hanoju (Vijetnam) i drugi je po redu.<\/p>\n","protected":false},"excerpt":{"rendered":"<p>Razgovori predsjednika SAD Donalda Trumpa i sjevernokorejskog lidera Kima D\u017eong Una zav\u0161rili su ne\u0161to prije nego \u0161to je bilo planirano, a otkazan je i radni ru\u010dak, javljaju online mediji. Iz Bijele ku\u0107e je saop\u0161teno da su razgovori bili konstruktivni, ali da, za sada, nema nikakvog dogovora. \u201cOvaj put nije postignut sporazum, ali strane o\u010dekuju sastanak [&hellip;]<\/p>\n","protected":false},"author":1,"featured_media":0,"comment_status":"open","ping_status":"closed","sticky":false,"template":"","format":"standard","meta":{"_seopress_robots_primary_cat":"","_seopress_titles_title":"","_seopress_titles_desc":"","_seopress_robots_index":"","_et_pb_use_builder":"","_et_pb_old_content":"","_et_gb_content_width":"","inline_featured_image":false,"footnotes":""},"categories":[14,12],"tags":[],"class_list":["post-262067","post","type-post","status-publish","format-standard","hentry","category-vijesti","category-prica-dana"],"_links":{"self":[{"href":"https:\/\/www.pcnen.com\/portal\/wp-json\/wp\/v2\/posts\/262067","targetHints":{"allow":["GET"]}}],"collection":[{"href":"https:\/\/www.pcnen.com\/portal\/wp-json\/wp\/v2\/posts"}],"about":[{"href":"https:\/\/www.pcnen.com\/portal\/wp-json\/wp\/v2\/types\/post"}],"author":[{"embeddable":true,"href":"https:\/\/www.pcnen.com\/portal\/wp-json\/wp\/v2\/users\/1"}],"replies":[{"embeddable":true,"href":"https:\/\/www.pcnen.com\/portal\/wp-json\/wp\/v2\/comments?post=262067"}],"version-history":[{"count":0,"href":"https:\/\/www.pcnen.com\/portal\/wp-json\/wp\/v2\/posts\/262067\/revisions"}],"wp:attachment":[{"href":"https:\/\/www.pcnen.com\/portal\/wp-json\/wp\/v2\/media?parent=262067"}],"wp:term":[{"taxonomy":"category","embeddable":true,"href":"https:\/\/www.pcnen.com\/portal\/wp-json\/wp\/v2\/categories?post=262067"},{"taxonomy":"post_tag","embeddable":true,"href":"https:\/\/www.pcnen.com\/portal\/wp-json\/wp\/v2\/tags?post=262067"}],"curies":[{"name":"wp","href":"https:\/\/api.w.org\/{rel}","templated":true}]}}