{"id":262049,"date":"2019-02-27T20:20:04","date_gmt":"2019-02-27T19:20:04","guid":{"rendered":"http:\/\/www.pcnen.com\/portal\/?p=262049"},"modified":"2019-02-27T20:20:04","modified_gmt":"2019-02-27T19:20:04","slug":"slab-do-umjeren-razvoj-oblacnosti-5","status":"publish","type":"post","link":"https:\/\/www.pcnen.com\/portal\/2019\/02\/27\/slab-do-umjeren-razvoj-oblacnosti-5\/","title":{"rendered":"Slab do umjeren razvoj obla\u010dnosti"},"content":{"rendered":"<p><img loading=\"lazy\" decoding=\"async\" class=\"alignright size-medium wp-image-82995\" src=\"http:\/\/www.pcnen.com\/portal\/wp-content\/uploads\/2012\/05\/grane-nebo1-300x225.jpg\" alt=\"\" width=\"300\" height=\"225\" \/>U \u010detvrtak \u0107e biti prete\u017eno sun\u010dano, uz slab do umjeren razvoj obla\u010dnosti.<\/p>\n<p>Na sjeveru Crne Gore \u0107e tokom jutra biti mogu\u0107a magla ili niska obla\u010dnost.<\/p>\n<p>Vjetar promjenljivog smjera bi\u0107e uglavnom slab do umjeren.<\/p>\n<p>Jutarnja temperatura vazduha bi\u0107e u rasponu od -8 do 6, a najvi\u0161a dnevna od 6 do 17 stepeni.<\/p>\n<p>U Podgorici \u0107e biti prete\u017eno sun\u010dano. Vjetar \u0107e biti slab i promjenljiv. Jutarnja temperatura vazduha bi\u0107e oko 2, a najvi\u0161a dnevna oko 15 stepeni.<\/p>\n<p><a href=\"http:\/\/www.meteo.co.me\/misc.php?text=121&amp;sektor=1&amp;grad=BER\">Prognoza za ostale gradove.<\/a><\/p>\n","protected":false},"excerpt":{"rendered":"<p>U \u010detvrtak \u0107e biti prete\u017eno sun\u010dano, uz slab do umjeren razvoj obla\u010dnosti. Na sjeveru Crne Gore \u0107e tokom jutra biti mogu\u0107a magla ili niska obla\u010dnost. Vjetar promjenljivog smjera bi\u0107e uglavnom slab do umjeren. Jutarnja temperatura vazduha bi\u0107e u rasponu od -8 do 6, a najvi\u0161a dnevna od 6 do 17 stepeni. U Podgorici \u0107e biti [&hellip;]<\/p>\n","protected":false},"author":1,"featured_media":0,"comment_status":"open","ping_status":"closed","sticky":false,"template":"","format":"standard","meta":{"_seopress_robots_primary_cat":"","_seopress_titles_title":"","_seopress_titles_desc":"","_seopress_robots_index":"","_et_pb_use_builder":"","_et_pb_old_content":"","_et_gb_content_width":"","inline_featured_image":false,"footnotes":""},"categories":[14,12],"tags":[],"class_list":["post-262049","post","type-post","status-publish","format-standard","hentry","category-vijesti","category-prica-dana"],"_links":{"self":[{"href":"https:\/\/www.pcnen.com\/portal\/wp-json\/wp\/v2\/posts\/262049","targetHints":{"allow":["GET"]}}],"collection":[{"href":"https:\/\/www.pcnen.com\/portal\/wp-json\/wp\/v2\/posts"}],"about":[{"href":"https:\/\/www.pcnen.com\/portal\/wp-json\/wp\/v2\/types\/post"}],"author":[{"embeddable":true,"href":"https:\/\/www.pcnen.com\/portal\/wp-json\/wp\/v2\/users\/1"}],"replies":[{"embeddable":true,"href":"https:\/\/www.pcnen.com\/portal\/wp-json\/wp\/v2\/comments?post=262049"}],"version-history":[{"count":0,"href":"https:\/\/www.pcnen.com\/portal\/wp-json\/wp\/v2\/posts\/262049\/revisions"}],"wp:attachment":[{"href":"https:\/\/www.pcnen.com\/portal\/wp-json\/wp\/v2\/media?parent=262049"}],"wp:term":[{"taxonomy":"category","embeddable":true,"href":"https:\/\/www.pcnen.com\/portal\/wp-json\/wp\/v2\/categories?post=262049"},{"taxonomy":"post_tag","embeddable":true,"href":"https:\/\/www.pcnen.com\/portal\/wp-json\/wp\/v2\/tags?post=262049"}],"curies":[{"name":"wp","href":"https:\/\/api.w.org\/{rel}","templated":true}]}}