{"id":261991,"date":"2019-02-27T08:28:51","date_gmt":"2019-02-27T07:28:51","guid":{"rendered":"http:\/\/www.pcnen.com\/portal\/?p=261991"},"modified":"2019-02-27T08:46:39","modified_gmt":"2019-02-27T07:46:39","slug":"od-zlocina-u-strpcima-proslo-26-godina","status":"publish","type":"post","link":"https:\/\/www.pcnen.com\/portal\/2019\/02\/27\/od-zlocina-u-strpcima-proslo-26-godina\/","title":{"rendered":"Od zlo\u010dina u \u0160trpcima pro\u0161lo 26 godina"},"content":{"rendered":"<p><img loading=\"lazy\" decoding=\"async\" class=\"alignright size-medium wp-image-222058\" src=\"http:\/\/www.pcnen.com\/portal\/wp-content\/uploads\/2017\/02\/strpci-spomenik-300x209.jpg\" alt=\"\" width=\"300\" height=\"209\" \/>Danas se navr\u0161ava 26 godina od otmice i ubistva 20 putnika iz voza u stanici \u0160trpci, a rodbina otetih i slobodni gra\u0111ani \u0107e u Bijelom Polju polo\u017eit cvije\u0107e kod spomen obilje\u017eja.<\/p>\n<p>\u201cDu\u017eni smo da u\u010dinimo makar mali javni znak pa\u017enje prema \u017ertvama, i da uka\u017eemo, da stradale ali ni zlo\u010dine i zlo\u010dince, nikada ne mo\u017eemo i ne\u0107emo zaboraviti\u201c, poru\u010deno je u obavje\u0161tenju na dru\u0161tvenoj mre\u017ei FB.<\/p>\n<p>\u017drtve zlo\u010dina su: <strong>Esad Kapetanovi\u0107, Ilijaz Li\u010din, Fehim Bakija, \u0160e\u0107o Softi\u0107, Rifat Husovi\u0107, Halil Zup\u010devi\u0107, Senad \u0110e\u010devi\u0107, Jusuf Rastoder, Ismet Baba\u010di\u0107, Tomo Buzov, Adem Alomerovi\u0107, Muhedin Hani\u0107, Safet Preljevi\u0107, D\u017eafer Topuzovi\u0107, Rasim \u0106ori\u0107, Fikret Memovi\u0107, Fevzija Zekovi\u0107, Nijazim Kajevi\u0107, Zvjezdan Zuli\u010di\u0107 i jedna nepoznata osoba.<\/strong><\/p>\n<p>Do danas su prona\u0111eni posmrtni ostaci samo \u010detiri \u017ertve.<\/p>\n<p>Tijelo Halila Zup\u010devi\u0107a prona\u0111eno je krajem 2009. godine na obali jezera Peru\u0107ac, a posmrtni ostaci Rasima \u0106ori\u0107a, Jusufa Rastodera i Ilijaza Li\u010dine na\u0111eni su u istom jezeru 2010. godine, dok se za tijelima ostalim \u017ertvama i dalje traga.<\/p>\n<p>Za zlo\u010din u \u0160trpcima do sada su pravosna\u017eno osu\u0111eni samo Neboj\u0161a Ranisavljevi\u0107 i Mi\u0107o Jovi\u010di\u0107. Neboj\u0161a Ranisavljevi\u0107 je pred Vi\u0161im sudom u Bijelom Polju 2003. godine osu\u0111en na kaznu zatvora u trajanju od 15 godina, a Mi\u0107o Jovi\u010di\u0107, protiv koga je vo\u0111en postupak pred Sudom Bosne i Hercegovine, priznao je krivicu i osu\u0111en na kaznu zatvora u trajanju od pet godina.<\/p>\n<p>Za zlo\u010din u \u0160trpcima pred Sudom BiH u toku je su\u0111enje desetorici optu\u017eenih, me\u0111u kojima su Luka Dragi\u010devi\u0107, komandant Vi\u0161egradske brigade VRS i Boban In\u0111i\u0107, komandant Interventne \u010dete u Vi\u0161egradskoj brigadi.<\/p>\n<p>U oktobru 2018. godine, Apelacioni sud u Beogradu je nakon tri i po godine potvrdio optu\u017enicu protiv petorice pripadnika Vi\u0161egradske brigade VRS za zlo\u010din koji je po\u010dinjen u \u0160trpcima.<\/p>\n<p>Iako je po\u010detak glavnog pretresa bio zakazan za januar 2019, on je odgo\u0111en zbog bolesti jednog od optu\u017eenih.<\/p>\n<p>Fond za humanitarno pravo, \u017dene u crnom, Sand\u017ea\u010dki odbor za za\u0161titu ljudskih prava i sloboda i Inicijativa mladih za ljudska prava obilje\u017ei\u0107e sjutra 26. godi\u0161njicu zlo\u010dina u \u0160trpcima sa po\u010detkom u 15:48 pred ulazom u Glavnu \u017eeljezni\u010dku stanicu u Beogradu.<\/p>\n","protected":false},"excerpt":{"rendered":"<p>Do danas su prona\u0111eni posmrtni ostaci samo \u010detiri od 20 \u017ertava<\/p>\n","protected":false},"author":1,"featured_media":0,"comment_status":"open","ping_status":"closed","sticky":false,"template":"","format":"standard","meta":{"_seopress_robots_primary_cat":"","_seopress_titles_title":"","_seopress_titles_desc":"","_seopress_robots_index":"","_et_pb_use_builder":"","_et_pb_old_content":"","_et_gb_content_width":"","inline_featured_image":false,"footnotes":""},"categories":[14,12],"tags":[],"class_list":["post-261991","post","type-post","status-publish","format-standard","hentry","category-vijesti","category-prica-dana"],"_links":{"self":[{"href":"https:\/\/www.pcnen.com\/portal\/wp-json\/wp\/v2\/posts\/261991","targetHints":{"allow":["GET"]}}],"collection":[{"href":"https:\/\/www.pcnen.com\/portal\/wp-json\/wp\/v2\/posts"}],"about":[{"href":"https:\/\/www.pcnen.com\/portal\/wp-json\/wp\/v2\/types\/post"}],"author":[{"embeddable":true,"href":"https:\/\/www.pcnen.com\/portal\/wp-json\/wp\/v2\/users\/1"}],"replies":[{"embeddable":true,"href":"https:\/\/www.pcnen.com\/portal\/wp-json\/wp\/v2\/comments?post=261991"}],"version-history":[{"count":0,"href":"https:\/\/www.pcnen.com\/portal\/wp-json\/wp\/v2\/posts\/261991\/revisions"}],"wp:attachment":[{"href":"https:\/\/www.pcnen.com\/portal\/wp-json\/wp\/v2\/media?parent=261991"}],"wp:term":[{"taxonomy":"category","embeddable":true,"href":"https:\/\/www.pcnen.com\/portal\/wp-json\/wp\/v2\/categories?post=261991"},{"taxonomy":"post_tag","embeddable":true,"href":"https:\/\/www.pcnen.com\/portal\/wp-json\/wp\/v2\/tags?post=261991"}],"curies":[{"name":"wp","href":"https:\/\/api.w.org\/{rel}","templated":true}]}}