{"id":261980,"date":"2019-02-26T17:58:38","date_gmt":"2019-02-26T16:58:38","guid":{"rendered":"http:\/\/www.pcnen.com\/portal\/?p=261980"},"modified":"2020-03-01T17:19:43","modified_gmt":"2020-03-01T16:19:43","slug":"savjet-ovlastio-sundica-da-formira-komisiju-koja-ce-analizirati-program-rtcg","status":"publish","type":"post","link":"https:\/\/www.pcnen.com\/portal\/2019\/02\/26\/savjet-ovlastio-sundica-da-formira-komisiju-koja-ce-analizirati-program-rtcg\/","title":{"rendered":"Savjet ovlastio \u0160undi\u0107a da formira komisiju koja \u0107e analizirati program RTCG"},"content":{"rendered":"<p>Odluka je donesena na predlog \u010dlana Savjeta Milana Radovi\u0107a, javlja agencija Mina, navode\u0107i da je Radovi\u0107 ocijenio da je zna\u010dajno palo po\u0161tovanje principa i standarda na Javnom servisu i da u radu postoji jednostranost.<\/p>\n<p>Generalni direktor RTCG Bo\u017eidar \u0160undi\u0107 je, u intervjuu za Dnevne novine, kazao prije dva dana da su on i menad\u017ement &#8220;u slu\u017ebi dr\u017eave&#8221; i da ne\u0107e podnijeti ostavke koje su <a href=\"http:\/\/www.pcnen.com\/portal\/2019\/02\/23\/odrzan-protest-odupri-se-97-000\/\">zatra\u017eene<\/a> na tre\u0107em po redu gra\u0111anskom protestu u Podgorici.<\/p>\n<p>Nevladino udru\u017eenje Media centar, koje u <a href=\"http:\/\/www.pcnen.com\/portal\/?s=Media+centar&amp;x=0&amp;y=0\">kontinuitetu kriti\u010dki monitoruje<\/a> de\u0161avanja oko i u RTCG, je <a href=\"http:\/\/www.pcnen.com\/portal\/2019\/02\/25\/generalni-direktor-rtcg-ne-zna-da-je-odgovoran-gradanima\/\">optu\u017eilo \u0160undi\u0107a<\/a> da kr\u0161i zakon i interna akta koji RTCG defini\u0161u kao javni medij u slu\u017ebi gra\u0111ana, a ne dr\u017eave.<\/p>\n","protected":false},"excerpt":{"rendered":"<p>Savjet Radio Televizije Crne Gore (RTCG) je jednoglasno odlu\u010dio da formira komisije koja \u0107e se baviti analizom informativnog programa TVCG. U komisiji, \u010diji \u0107e sastav odrediti generalni direktor RTCG Bo\u017eidar \u0160undi\u0107, treba da budu predstavnici oba sindikata i tri novinara.<\/p>\n","protected":false},"author":1,"featured_media":0,"comment_status":"open","ping_status":"closed","sticky":false,"template":"","format":"standard","meta":{"_seopress_robots_primary_cat":"","_seopress_titles_title":"","_seopress_titles_desc":"","_seopress_robots_index":"","_et_pb_use_builder":"","_et_pb_old_content":"","_et_gb_content_width":"","inline_featured_image":false,"footnotes":""},"categories":[14,12],"tags":[],"class_list":["post-261980","post","type-post","status-publish","format-standard","hentry","category-vijesti","category-prica-dana"],"_links":{"self":[{"href":"https:\/\/www.pcnen.com\/portal\/wp-json\/wp\/v2\/posts\/261980","targetHints":{"allow":["GET"]}}],"collection":[{"href":"https:\/\/www.pcnen.com\/portal\/wp-json\/wp\/v2\/posts"}],"about":[{"href":"https:\/\/www.pcnen.com\/portal\/wp-json\/wp\/v2\/types\/post"}],"author":[{"embeddable":true,"href":"https:\/\/www.pcnen.com\/portal\/wp-json\/wp\/v2\/users\/1"}],"replies":[{"embeddable":true,"href":"https:\/\/www.pcnen.com\/portal\/wp-json\/wp\/v2\/comments?post=261980"}],"version-history":[{"count":2,"href":"https:\/\/www.pcnen.com\/portal\/wp-json\/wp\/v2\/posts\/261980\/revisions"}],"predecessor-version":[{"id":285310,"href":"https:\/\/www.pcnen.com\/portal\/wp-json\/wp\/v2\/posts\/261980\/revisions\/285310"}],"wp:attachment":[{"href":"https:\/\/www.pcnen.com\/portal\/wp-json\/wp\/v2\/media?parent=261980"}],"wp:term":[{"taxonomy":"category","embeddable":true,"href":"https:\/\/www.pcnen.com\/portal\/wp-json\/wp\/v2\/categories?post=261980"},{"taxonomy":"post_tag","embeddable":true,"href":"https:\/\/www.pcnen.com\/portal\/wp-json\/wp\/v2\/tags?post=261980"}],"curies":[{"name":"wp","href":"https:\/\/api.w.org\/{rel}","templated":true}]}}