{"id":261900,"date":"2019-02-25T08:50:24","date_gmt":"2019-02-25T07:50:24","guid":{"rendered":"http:\/\/www.pcnen.com\/portal\/?p=261900"},"modified":"2020-03-01T17:03:30","modified_gmt":"2020-03-01T16:03:30","slug":"sundic-je-u-sluzbi-drzave-i-nece-podnijeti-ostavku","status":"publish","type":"post","link":"https:\/\/www.pcnen.com\/portal\/2019\/02\/25\/sundic-je-u-sluzbi-drzave-i-nece-podnijeti-ostavku\/","title":{"rendered":"\u0160undi\u0107 je &#8216;u slu\u017ebi dr\u017eave&#8217; i ne\u0107e podnijeti ostavku"},"content":{"rendered":"<p>Generalni direktor RTCG Bo\u017eidar \u0160undi\u0107, \u010dija je <a href=\"http:\/\/www.pcnen.com\/portal\/2019\/02\/23\/odrzan-protest-odupri-se-97-000\/\">ostavka zatra\u017eena<\/a> na subotnjem gra\u0111anskom protestu u Podgorici, poru\u010dio je da menad\u017eemt radi u slu\u017ebi dr\u017eave i da ostavku podnijeti ne\u0107e.<\/p>\n<p>\u201c\u0160to se ti\u010de menad\u017ementa i RTCG, mi radimo u slu\u017ebi dr\u017eave, i to je su\u0161tinski odgovor. Ne\u0107emo podnijeti ostavke, ni ja ni menad\u017ement. Profesionalno radimo svoje poslove, a dr\u017eavni organi i Savjet, oni koji su nas i postavili \u0107e re\u0107i svoje\u201d, poru\u010dio je \u0160undi\u0107 u intervjuu za podgori\u010dke Dnevne novine.<\/p>\n<p>\u0160undi\u0107a je na du\u017enost izabrao Savjet RTCG nakon \u0161to je to tijelo izgubilo legalitet i legitimitet nakon <a href=\"http:\/\/www.pcnen.com\/portal\/2018\/09\/07\/analiza-postupka-imenovanja-clanova-savjeta-rtcg\/\">protivpravnih personalnih promjena unutar toga tijela,<\/a> kako bi bila uspostavljena re\u017eimska kontrola nad ovim medijem koji treba da bude javni i u slu\u017ebi gra\u0111ana i gra\u0111anki.<\/p>\n<p>Prema<a href=\"http:\/\/www.hraction.org\/wp-content\/uploads\/Zakon-o-nacionalnom-javnom-emiteru-Radio-i-Televizija-Crne-Gore.pdf\"> Zakonu o nacionalnom javnom emiteru RTCG<\/a>, nigdje se ne navodi da je je ovaj medij u slu\u017ebi dr\u017eave. Naprotiv:<\/p>\n<p>\u201cDjelatnost nacionalnog javnog emitera iz stava 1 ovog \u010dlana je pru\u017eanje javnih audio-vizuelnih usluga kojima se zadovoljavaju: demokratske, socijalne, kulturne, obrazovne i druge potrebe od javnog interesa svih segmenata crnogorskog dru\u0161tva; obezbje\u0111uje ostvarivanje prava i interesa gra\u0111ana i drugih subjekata u oblasti informisanja, bez obzira na njihovu politi\u010dku, vjersku, kulturnu, rasnu ili polnu pripadnost\u201c.<\/p>\n<p><a href=\"http:\/\/www.pcnen.com\/portal\/2018\/11\/02\/kvalitativna-analiza-emisija-dnevnik-2-tvcg-emitovanih-u-septembru-2018-godine\/\">Kvalitativna analiza Media centra glavne informativne emisija Dnevnik 2<\/a>, emitovanih u septembru pro\u0161le godine, pokazala je da TVCG ne radi u interesu gra\u0111ana, a ni dr\u017eave, ve\u0107 aktuelne vlasti.<\/p>\n","protected":false},"excerpt":{"rendered":"<p>Prema Zakonu o nacionalnom javnom emiteru RTCG, nigdje se ne navodi da je je ovaj medij u slu\u017ebi dr\u017eave. Naprotiv:<\/p>\n","protected":false},"author":1,"featured_media":0,"comment_status":"open","ping_status":"closed","sticky":false,"template":"","format":"standard","meta":{"_seopress_robots_primary_cat":"","_seopress_titles_title":"","_seopress_titles_desc":"","_seopress_robots_index":"","_et_pb_use_builder":"","_et_pb_old_content":"","_et_gb_content_width":"","inline_featured_image":false,"footnotes":""},"categories":[14,12],"tags":[],"class_list":["post-261900","post","type-post","status-publish","format-standard","hentry","category-vijesti","category-prica-dana"],"_links":{"self":[{"href":"https:\/\/www.pcnen.com\/portal\/wp-json\/wp\/v2\/posts\/261900","targetHints":{"allow":["GET"]}}],"collection":[{"href":"https:\/\/www.pcnen.com\/portal\/wp-json\/wp\/v2\/posts"}],"about":[{"href":"https:\/\/www.pcnen.com\/portal\/wp-json\/wp\/v2\/types\/post"}],"author":[{"embeddable":true,"href":"https:\/\/www.pcnen.com\/portal\/wp-json\/wp\/v2\/users\/1"}],"replies":[{"embeddable":true,"href":"https:\/\/www.pcnen.com\/portal\/wp-json\/wp\/v2\/comments?post=261900"}],"version-history":[{"count":1,"href":"https:\/\/www.pcnen.com\/portal\/wp-json\/wp\/v2\/posts\/261900\/revisions"}],"predecessor-version":[{"id":285306,"href":"https:\/\/www.pcnen.com\/portal\/wp-json\/wp\/v2\/posts\/261900\/revisions\/285306"}],"wp:attachment":[{"href":"https:\/\/www.pcnen.com\/portal\/wp-json\/wp\/v2\/media?parent=261900"}],"wp:term":[{"taxonomy":"category","embeddable":true,"href":"https:\/\/www.pcnen.com\/portal\/wp-json\/wp\/v2\/categories?post=261900"},{"taxonomy":"post_tag","embeddable":true,"href":"https:\/\/www.pcnen.com\/portal\/wp-json\/wp\/v2\/tags?post=261900"}],"curies":[{"name":"wp","href":"https:\/\/api.w.org\/{rel}","templated":true}]}}