{"id":261850,"date":"2019-02-24T11:41:41","date_gmt":"2019-02-24T10:41:41","guid":{"rendered":"http:\/\/www.pcnen.com\/portal\/?p=261850"},"modified":"2019-02-24T16:49:29","modified_gmt":"2019-02-24T15:49:29","slug":"cg-svaki-drugi-nezaposleni-ne-zeli-i-ne-trazi-posao","status":"publish","type":"post","link":"https:\/\/www.pcnen.com\/portal\/2019\/02\/24\/cg-svaki-drugi-nezaposleni-ne-zeli-i-ne-trazi-posao\/","title":{"rendered":"CG: Svaki drugi nezaposleni ne \u017eeli i ne tra\u017ei posao"},"content":{"rendered":"<p><img loading=\"lazy\" decoding=\"async\" class=\"size-full wp-image-144733 alignnone\" src=\"http:\/\/www.pcnen.com\/portal\/wp-content\/uploads\/2014\/05\/trazim-posao.jpg\" alt=\"\" width=\"400\" height=\"300\" \/>Direktorka Uprave za statistiku Crne Gore Monstata Gordana Radojevi\u0107 je ocijenila da se privredni rast o kojem govore predstavnici vlasti u toj zemlji zaista ose\u0107a i da u prilog tome svedo\u010di evropska statistika.<\/p>\n<p>Direktorica Monstata Gordana Radojevi\u0107 ocijenila je da se privredni rast o kojem govore predstavnici vlasti zaista osje\u0107a i da u prilog tome svjedo\u010di evropska statistika.<br \/>\n&#8220;Crna Gora zemlja sa najve\u0107om stopom neaktivnostiu EU i \u0161ire&#8221;: Ilustracija (Pixabay)<\/p>\n<p>Ona navodi da postoji veliki problem neaktivnosti stanovni\u0161tva, jer svaki drugi nezaposleni ne \u017eeli i ne tra\u017ei posao.<\/p>\n<p>&#8220;\u0160to se ti\u010de utiska da se rast ekonomske aktivnosti u Crnoj Gori ne osje\u0107a u praksi, odnosno na dohodak gra\u0111ana, moram naglasiti da ga demantuje evropsko istra\u017eivanje o dohotku i uslovima \u017eivota gra\u0111ana u Crnoj Gori. Prema podacima iz decembra 2018. godine, mo\u017eemo zaklju\u010diti da je trend rasta BDP-a pra\u0107en i rastom raspolo\u017eivog dohotka gra\u0111ana, i to na na\u010din da je u periodu od 2013. do 2017. najzna\u010dajniji rast zabilje\u017een kod 20 odsto stanovni\u0161tva sa najni\u017eim dohotkom (28,3 odsto), dok je najmanji rast zabilje\u017een kod 20 procenata najbogatijeg stanovni\u0161tva (13,6)\u201d, kazala je ona.<\/p>\n<p>Prema njenim rije\u010dima, ovo je dovelo do smanjenja jaza, odnosno, nejednakosti izme\u0111u bogatih i siroma\u0161nih. Drugim rije\u010dima, 2013. godine dohodak 20 procenata stanovni\u0161tva sa najve\u0107im dohotkom bio je 8,5 puta ve\u0107i od dohotka 20 procenata stanovni\u0161tva sa najni\u017eim dohotkom, dok je 2017. godine dohodak 20 odsto stanovni\u0161tva sa najve\u0107im dohotkom bio 7,6 puta ve\u0107i od dohotka 20 odsto stanovni\u0161tva sa najni\u017eim dohotkom.<\/p>\n<p>Kada je u pitanju tr\u017ei\u0161te rada, pored stope nezaposlenosti koja je 14,1 odsto, Radojevi\u0107eva navodi da vi\u0161e treba da zabrine podatak da je u prosjeku neaktivno 45 procenata populacije od 15 do 64 godine.<\/p>\n<p>Ona isti\u010de da taj dio stanovni\u0161tva ne radi i ne \u017eeli da tra\u017ei posao, odnosno da im se i ponudi posao ne bi ga prihvatili.<\/p>\n<p>&#8220;Svakako da je odre\u0111eni procenat neaktivnosti neizbje\u017ean, posebno za mla\u0111u populaciju koja studira, usavr\u0161ava se&#8230; Me\u0111utim, i pored toga, Crna Gora je zemlja sa najve\u0107om stopom neaktivnostiu EU i \u0161ire&#8221;, izjavila je Radojevi\u0107.<\/p>\n","protected":false},"excerpt":{"rendered":"<p>Direktorka Uprave za statistiku Crne Gore Monstata Gordana Radojevi\u0107 je ocijenila da se privredni rast o kojem govore predstavnici vlasti u toj zemlji zaista ose\u0107a i da u prilog tome svedo\u010di evropska statistika. Direktorica Monstata Gordana Radojevi\u0107 ocijenila je da se privredni rast o kojem govore predstavnici vlasti zaista osje\u0107a i da u prilog tome [&hellip;]<\/p>\n","protected":false},"author":1,"featured_media":0,"comment_status":"open","ping_status":"closed","sticky":false,"template":"","format":"standard","meta":{"_seopress_robots_primary_cat":"","_seopress_titles_title":"","_seopress_titles_desc":"","_seopress_robots_index":"","_et_pb_use_builder":"","_et_pb_old_content":"","_et_gb_content_width":"","inline_featured_image":false,"footnotes":""},"categories":[14,12],"tags":[],"class_list":["post-261850","post","type-post","status-publish","format-standard","hentry","category-vijesti","category-prica-dana"],"_links":{"self":[{"href":"https:\/\/www.pcnen.com\/portal\/wp-json\/wp\/v2\/posts\/261850","targetHints":{"allow":["GET"]}}],"collection":[{"href":"https:\/\/www.pcnen.com\/portal\/wp-json\/wp\/v2\/posts"}],"about":[{"href":"https:\/\/www.pcnen.com\/portal\/wp-json\/wp\/v2\/types\/post"}],"author":[{"embeddable":true,"href":"https:\/\/www.pcnen.com\/portal\/wp-json\/wp\/v2\/users\/1"}],"replies":[{"embeddable":true,"href":"https:\/\/www.pcnen.com\/portal\/wp-json\/wp\/v2\/comments?post=261850"}],"version-history":[{"count":0,"href":"https:\/\/www.pcnen.com\/portal\/wp-json\/wp\/v2\/posts\/261850\/revisions"}],"wp:attachment":[{"href":"https:\/\/www.pcnen.com\/portal\/wp-json\/wp\/v2\/media?parent=261850"}],"wp:term":[{"taxonomy":"category","embeddable":true,"href":"https:\/\/www.pcnen.com\/portal\/wp-json\/wp\/v2\/categories?post=261850"},{"taxonomy":"post_tag","embeddable":true,"href":"https:\/\/www.pcnen.com\/portal\/wp-json\/wp\/v2\/tags?post=261850"}],"curies":[{"name":"wp","href":"https:\/\/api.w.org\/{rel}","templated":true}]}}