{"id":261839,"date":"2019-02-24T08:10:22","date_gmt":"2019-02-24T07:10:22","guid":{"rendered":"http:\/\/www.pcnen.com\/portal\/?p=261839"},"modified":"2019-02-24T08:22:02","modified_gmt":"2019-02-24T07:22:02","slug":"radikalna-desnica-migracije-i-buducnost-eu","status":"publish","type":"post","link":"https:\/\/www.pcnen.com\/portal\/2019\/02\/24\/radikalna-desnica-migracije-i-buducnost-eu\/","title":{"rendered":"Radikalna desnica, migracije i budu\u0107nost EU"},"content":{"rendered":"<p><strong><img loading=\"lazy\" decoding=\"async\" class=\"alignright size-full wp-image-218921\" src=\"http:\/\/www.pcnen.com\/portal\/wp-content\/uploads\/2016\/12\/eu-kriza.jpg\" alt=\"\" width=\"300\" height=\"203\" \/>Pi\u0161e: Terri E. Givens<\/strong><\/p>\n<p>Po\u010detni uspjeh radikalne desnice sredinom 1980-ih, poput francuskog Nacionalnog fronta (Front National), podudara se sa zabrinuto\u0161\u0107u o migracijskim tokovima diljem Europe. Iako je era gastarbeitera zavr\u0161ila sredinom 1970-ih migracije su se se nastavile, uglavnom kroz spajanje obitelji.<\/p>\n<p>Stranke radikalne desnice su 1980-ih 1990-ih privla\u010dile bira\u010de koji su se osje\u0107ali ugro\u017eeni ekonomskom modernizacijom i globalizacijom. Ove stranke krivile su migrante za rastu\u0107u nezaposlenost, kao i \u0161irile strahove da novi migranti predstavljaju prijetnju kulturnoj homogenosti. Istra\u017eivanje u mojoj knjizi Glasanje za radikalnu desnicu u zapadnoj Europi pokazalo je da su glasa\u010di radikalne desnice bili uglavnom mu\u0161karci, zabrinuti zbog nezaposlenosti i nestanka radnih mjesta u proizvodnji.<\/p>\n<p>Rade\u0107i istra\u017eivanja pred kraj ovog razdoblja, redovito mi je govoreno da su ove stranke kratkotrajni fenomen koji \u0107e nestati nakon sljede\u0107ih izbora. Posljednja dva desetlje\u0107a pokazala su ne samo da te stranke opstaju nego da sada redovito sudjeluju u nacionalnim vladama, bilo kao dio vladaju\u0107e koalicije kao u Austriji ili kao podr\u0161ka manjinskoj vladi \u0161to je to bio slu\u010daj u Danskoj od 2001. do 2011. Alternativa za Njema\u010dku (AfD) prvi je put u\u0161la u njema\u010dki savezni parlament 2017. godine.<\/p>\n<p>Nedavna istra\u017eivanja pokazuju da su migracije najve\u0107a briga za ve\u0107inu glasa\u010da u EU. Kako se bli\u017ee izbori za za Europski parlament (u svibnju) va\u017eno je razumjeti veze izme\u0111u glasanja za radikalnu desnicu i migracija. Moja studija o radikalnoj desnici, napisana devedesetih godina, jasno je pokazala da mnogi bira\u010di smatraju izbore za Europski parlament na\u010dinom da se registrira njihovo nezadovoljstvo najve\u0107im strankama.<\/p>\n<p>Me\u0111unarodna organizacija za migracije (IOM) procjenjuje da se broj dolazaka u Europu smanjio s preko 390000 u 2016. na 144000 u 2018. Iako je broj migranata i izbjeglica opao u posljednje dvije godine, migracije su i dalje visoko na listi prioriteta glasa\u010da i stranaka. To smo mogli vidjeti prilikom podjela izme\u0111u CDU-a Angele Merkel i bavarske sestrinske CSU pro\u0161log ljeta. Iako je vlada Angele Merkel pre\u017eivjela, njen autoritet je poljuljan i odstupila je s du\u017enosti vo\u0111e stranke (ostala je kancelarka).<\/p>\n<p>Mnoge stranke radikalne desnice bilje\u017ee bolje rezultate na izborima za Europski parlament nego na nacionalnim izborima. Na primjer, Marine Le Pen i njena stranka (sada pod imenom Rassemblement national) osvojili su samo tri zastupni\u010dka mjesta na izborima 2009. Me\u0111utim, 2014. dobili su 24 zastupnika. Taj broj bi mogao narasti 2019. s obzirom na nisku razinu popularnosti predsjednika Macrona (iako se ona pove\u0107ala kao odgovor na njegove ustupke pokretu \u201c\u017euti prsluci\u201d krajem pro\u0161le godine). Ista anketa pokazala je da se Le Penova antimigrantska stranka \u201cprofilirala kao ona koja najbolje predstavlja glavnu opoziciju vladi\u201d.<\/p>\n<p>Izbori za Europski parlament mogu se \u010diniti kao referendum o unutarnjoj politici, ali su i pokazatelji trendova diljem Europe. Na izborima 2009. mnoge radikalne desne stranke uvidjele su da njihovi rezultati rastu. Britanska nacionalna stranka osvojila je dva mjesta, svoje prve zastupnike u Europskom parlamentu, dok je Laburisti\u010dka stranka imala najni\u017ei postotak glasova jo\u0161 od po\u010detka europskih anketa 1979. Stranke ljevice imale su te godine neke od svojih najgorih rezultata na europskim izborima;\u00a0 na primjer njema\u010dki socijaldemokrati osvojili su samo 20,8 posto glasova. Stranke lijevoga centra osvojile su 161 zastupni\u010dko mjesto, a one desnog centra 263, u parlamentu od 736 zastupnika. Stranke radikalne desnice formirale su dvije partijske skupine koje nisu bile posebno povezane.<\/p>\n<p>Izbori za Europski parlament 2014. donijeli su jo\u0161 bolje rezultate strankama radikalne desnice, ali na kraju su ostali podijeljeni jer se ma\u0111arski Fidesz pridru\u017eio konzervativnoj EPP (Europska pu\u010dka stranka) skupini. Ostale radikalne desne stranke nalaze se u nekoliko strana\u010dkih skupina: Europskih konzervativci i reformisti (ECR, 71 zastupnik), Europa slobode i izravne demokracije (EFDD, 45 zastupnika) i Europa nacija i sloboda (ENF, 35 zastupnika).<\/p>\n<p><strong>Svibanjski izbori<\/strong><\/p>\n<p>\u010cini se da \u0107e na predstoje\u0107im izborima pitanje migracija igrati ulogu u o\u010dekivanom uspjehu stranaka radikalne desnice, uklju\u010duju\u0107i talijansku Sjevernu ligu. Njezin \u010delnik Matteo Salvini pozvao je na \u201cnovi nacionalisti\u010dki blok za izbore za Europski parlament 2019. godine\u201d. Njegova stranka, u koaliciji s Pokretom pet zvjezdica, zauzela je o\u0161tar stav prema izbjeglicama nakon formiranja vlade u svibnju pro\u0161le godine.<\/p>\n<p>Me\u0111utim, bit \u0107e va\u017eno gledati i krajnju lijevu stranu politi\u010dkog spektra. Primjerice, zelene stranke uspjele su u protekloj godini nadma\u0161iti rivale iz radikalne desnice, u Nizozemskoj i na bavarskim izborima u listopadu.<\/p>\n<p>Jedan trend na koji \u0107u obratiti pa\u017enju je uloga imigranata i ljudi imigrantskog podrijetla kao bira\u010da i kandidata na izborima. U Europi koja postaje sve \u0161arolikija, politi\u010dke stranke u nekim zemljama su regrutirale kandidate imigrantskog podrijetla, \u0161to je opisano u knjizi\u00a0 o imigrantskoj politici. Kao \u0161to je primjetila zastupnica u Europskom parlamentu Neena Gill, \u201eod 751 zastupnika u Europskom parlamentu, samo se njih 12 izjasnilo kao ne-bijelci. Od toga, polovica nas je iz Velike Britanije. Dakle, nakon Brexita mogu\u0107e je da \u0107e se broj smanjiti na samo \u0161est. To bi bilo manje od jedan posto od ukupnog broja zastupnika u Europskom parlamentu\u201c. Raznolikost nije ja\u010da strana Europskog parlamenta ali ostaje da se vidi ho\u0107e li to biti relevantno u svibnju.<\/p>\n<p><a href=\"https:\/\/digitalnademokracija.com\/2019\/02\/18\/radikalna-desnica-migracije-i-buducnost-europske-unije\/\">Digitalna demokratija<\/a>\/<a href=\"http:\/\/opendemocracy.net\">Opendemocracy<\/a><\/p>\n","protected":false},"excerpt":{"rendered":"<p>Po\u010detni uspjeh radikalne desnice sredinom 1980-ih, poput francuskog Nacionalnog fronta, podudara se sa zabrinuto\u0161\u0107u o migracijskim tokovima diljem Europe<\/p>\n","protected":false},"author":1,"featured_media":0,"comment_status":"open","ping_status":"closed","sticky":false,"template":"","format":"standard","meta":{"_seopress_robots_primary_cat":"","_seopress_titles_title":"","_seopress_titles_desc":"","_seopress_robots_index":"","_et_pb_use_builder":"","_et_pb_old_content":"","_et_gb_content_width":"","inline_featured_image":false,"footnotes":""},"categories":[5],"tags":[],"class_list":["post-261839","post","type-post","status-publish","format-standard","hentry","category-drugi-pisu"],"_links":{"self":[{"href":"https:\/\/www.pcnen.com\/portal\/wp-json\/wp\/v2\/posts\/261839","targetHints":{"allow":["GET"]}}],"collection":[{"href":"https:\/\/www.pcnen.com\/portal\/wp-json\/wp\/v2\/posts"}],"about":[{"href":"https:\/\/www.pcnen.com\/portal\/wp-json\/wp\/v2\/types\/post"}],"author":[{"embeddable":true,"href":"https:\/\/www.pcnen.com\/portal\/wp-json\/wp\/v2\/users\/1"}],"replies":[{"embeddable":true,"href":"https:\/\/www.pcnen.com\/portal\/wp-json\/wp\/v2\/comments?post=261839"}],"version-history":[{"count":0,"href":"https:\/\/www.pcnen.com\/portal\/wp-json\/wp\/v2\/posts\/261839\/revisions"}],"wp:attachment":[{"href":"https:\/\/www.pcnen.com\/portal\/wp-json\/wp\/v2\/media?parent=261839"}],"wp:term":[{"taxonomy":"category","embeddable":true,"href":"https:\/\/www.pcnen.com\/portal\/wp-json\/wp\/v2\/categories?post=261839"},{"taxonomy":"post_tag","embeddable":true,"href":"https:\/\/www.pcnen.com\/portal\/wp-json\/wp\/v2\/tags?post=261839"}],"curies":[{"name":"wp","href":"https:\/\/api.w.org\/{rel}","templated":true}]}}