{"id":261830,"date":"2019-02-23T20:41:47","date_gmt":"2019-02-23T19:41:47","guid":{"rendered":"http:\/\/www.pcnen.com\/portal\/?p=261830"},"modified":"2020-03-01T17:00:11","modified_gmt":"2020-03-01T16:00:11","slug":"odrzan-protest-odupri-se-97-000","status":"publish","type":"post","link":"https:\/\/www.pcnen.com\/portal\/2019\/02\/23\/odrzan-protest-odupri-se-97-000\/","title":{"rendered":"Odr\u017ean protest \u2018Odupri se &#8211; 97.000\u2019"},"content":{"rendered":"<p>Uprkos jakom vjetru, nekoliko hiljada gra\u0111ana se okupilo ve\u010deras u Podgorici na <a href=\"http:\/\/www.pcnen.com\/portal\/2019\/02\/23\/novi-protest-97-000-odupri-se\/\">tre\u0107i protest pod sloganom &#8220;Odupri se &#8211; 97.000&#8221;<\/a>, sa kojeg su zatra\u017eene ostavke \u010delnih ljudi u dr\u017eavi i rukovodstva RTCG, javnog medijskog servisa, koji je stavljen pod kontrolu re\u017eima.<\/p>\n<p>Gra\u0111ani su pro\u0161etali od Trga nezavisnosti, Ulicom slobode,\u00a0 Bulevarom Svetog Petra Cetinjskog do zgrade Radio Televizije Crne Gore, gdje su ponovljeni zahtjevi.<\/p>\n<p>U 19:30, kada je po\u010deo Dnevnik RTCG, gra\u0111ani su bukom izrazili protest i skandirali &#8220;la\u017eovi&#8221;.<\/p>\n<p>&#8220;Neka na\u0161a buka bude odgovor na njihovu bruku&#8221;, rekao je jedan od organizatora protesta, Omer \u0160arki\u0107.<\/p>\n<p>&#8220;To nije javni nego partijsko-propagandni servis. Tra\u017eimo da Savjet RTCG i generalni direktor podnesu ostavke. Dosta je bilo buke i bruke&#8221;, poru\u010dio je \u0160arki\u0107.<\/p>\n<p><b><\/b>Ispred zgrade RTCG su razbacane rolne toalet papira.<\/p>\n<p>Organizatori su najavili novi protest za slede\u0107u subotu.<\/p>\n<p>Protest je okon\u010dan bez incidenata, a ispred zgrada u kojima su dr\u017eavne institucije, kao i ispred zgrade RTCG nije bilo previ\u0161e policajaca.<\/p>\n","protected":false},"excerpt":{"rendered":"<p>U 19:30, kada je po\u010deo Dnevnik RTCG, gra\u0111ani su bukom izrazili protest i skandirali &#8220;la\u017eovi&#8221;.<\/p>\n","protected":false},"author":1,"featured_media":0,"comment_status":"open","ping_status":"closed","sticky":false,"template":"","format":"standard","meta":{"_seopress_robots_primary_cat":"","_seopress_titles_title":"","_seopress_titles_desc":"","_seopress_robots_index":"","_et_pb_use_builder":"","_et_pb_old_content":"","_et_gb_content_width":"","inline_featured_image":false,"footnotes":""},"categories":[14,12],"tags":[],"class_list":["post-261830","post","type-post","status-publish","format-standard","hentry","category-vijesti","category-prica-dana"],"_links":{"self":[{"href":"https:\/\/www.pcnen.com\/portal\/wp-json\/wp\/v2\/posts\/261830","targetHints":{"allow":["GET"]}}],"collection":[{"href":"https:\/\/www.pcnen.com\/portal\/wp-json\/wp\/v2\/posts"}],"about":[{"href":"https:\/\/www.pcnen.com\/portal\/wp-json\/wp\/v2\/types\/post"}],"author":[{"embeddable":true,"href":"https:\/\/www.pcnen.com\/portal\/wp-json\/wp\/v2\/users\/1"}],"replies":[{"embeddable":true,"href":"https:\/\/www.pcnen.com\/portal\/wp-json\/wp\/v2\/comments?post=261830"}],"version-history":[{"count":1,"href":"https:\/\/www.pcnen.com\/portal\/wp-json\/wp\/v2\/posts\/261830\/revisions"}],"predecessor-version":[{"id":285305,"href":"https:\/\/www.pcnen.com\/portal\/wp-json\/wp\/v2\/posts\/261830\/revisions\/285305"}],"wp:attachment":[{"href":"https:\/\/www.pcnen.com\/portal\/wp-json\/wp\/v2\/media?parent=261830"}],"wp:term":[{"taxonomy":"category","embeddable":true,"href":"https:\/\/www.pcnen.com\/portal\/wp-json\/wp\/v2\/categories?post=261830"},{"taxonomy":"post_tag","embeddable":true,"href":"https:\/\/www.pcnen.com\/portal\/wp-json\/wp\/v2\/tags?post=261830"}],"curies":[{"name":"wp","href":"https:\/\/api.w.org\/{rel}","templated":true}]}}