{"id":261779,"date":"2019-02-23T07:22:50","date_gmt":"2019-02-23T06:22:50","guid":{"rendered":"http:\/\/www.pcnen.com\/portal\/?p=261779"},"modified":"2019-02-23T07:24:55","modified_gmt":"2019-02-23T06:24:55","slug":"vesala","status":"publish","type":"post","link":"https:\/\/www.pcnen.com\/portal\/2019\/02\/23\/vesala\/","title":{"rendered":"Ve\u0161ala"},"content":{"rendered":"<p><strong><img loading=\"lazy\" decoding=\"async\" class=\"size-full wp-image-218028 alignleft\" src=\"http:\/\/www.pcnen.com\/portal\/wp-content\/uploads\/2016\/12\/Zlatko-Pakovic-e1540676328365.jpg\" alt=\"\" width=\"300\" height=\"220\" \/>Pi\u0161e: Zlatko Pakovi\u0107<\/strong><\/p>\n<p>Gra\u0111ani u vi\u0161e od pedeset gradova pobunili su se protiv svirepo glupog laganja i besprizornog pona\u0161anja najodgovornijih dr\u017eavnih slu\u017ebenika i urednika najmasovnijih medija, koji su sebe proglasili vlasnicima dr\u017eave i informacija o stvarnosti u njoj, s kojom su te informacije u apsolutnoj aritmiji. Ako danas i ovde postoji i\u0161ta apsolutno, onda se to nalazi u re\u010denoj protivre\u010dnosti izme\u0111u realnosti i izmi\u0161ljenih vesti o njoj \u2013 koje je, dakle, razaraju.<\/p>\n<p>Ovi protesti, poslednji su protesti u dugom, tridesetogodi\u0161njem nizu antimilo\u0161evi\u0107evskih protesta, jer su sada\u0161nji uzurpatori budu\u0107nosti ove balkanske dr\u017eave Milo\u0161evi\u0107eva politi\u010dka deca. Stoga su ovi protesti ili politi\u010dka ta\u010dka preokreta, ili, u slu\u010daju poraza, momenat poslednje napetosti pre bespovratnog utrnu\u0107a jedne kulture me\u0111u ju\u017enoslovenskim kulturama, koja \u0107e, za nekih sto, sto pedeset godina postati, dakle, arheolo\u0161ka \u010dinjenica.<\/p>\n<p>Sa ve\u0161ala, koja joj je pre trideset godina, o tro\u0161ku gra\u0111ana, sklepao Milo\u0161evi\u0107 sa svojim vojnim i kriminalnim stratezima, Vu\u010di\u0107 je, sa svojim medijumskim bratstvom, spustio om\u010du oko vrata dru\u0161tvu u Srbiji. Stoga su ve\u0161ala, samo stoga \u2013 a uprkos snebivanju aktuelnih politi\u010dkih opozicionih partija koje su se pridru\u017eile gra\u0111anima \u2013 postala simbol protesta \u201eJedan od pet miliona\u201c: protesta za biti il\u2019 ne biti dru\u0161tva.<\/p>\n<p>Punoletni Slobodan Gli\u0161i\u0107 i maloletni N. P. uhap\u0161eni su zbog toga \u0161to su na protestima nosili makete ve\u0161ala. Maloletni mladi\u0107 proveo je u pritvoru u Centralnom zatvoru u Beogradu pet dana. NJegovi advokati izjavili su da \u201eon nije jeo nekoliko dana, da je bio u strahu i da mu nije bilo jasno za\u0161to se tu nalazi.\u201c<\/p>\n<p>Dan-dva potom, \u0161ezdeset\u0161estogodi\u0161nji penzioner iz Kragujevca, Slobodan Stefanovi\u0107, priveden je u policijsku stanicu zbog makete ve\u0161ala koju je na protestu \u201eJedan od pet miliona\u201c nosio. Pod tom maketom ve\u0161ala, sa om\u010dom oko vrata, stoji figura na kojoj pi\u0161e: \u201eJa, penzioner\u201c. Dakle, na njoj ne pi\u0161e: \u201eJa, vrhovni\u201c. Detaljno, na ovoj maketi ve\u0161ala koju je nosio kragujeva\u010dki penzioner, napisano je: \u201eOplja\u010dkani penzioner \u2013 Vu\u010di\u0107u vr\u0107i pare, il\u2019 se besim\u201c, a na figuri, kao \u0161to je re\u010deno: \u201eJa, penzioner\u201c. Na dnu makete stoji: \u201eSmrt fa\u0161izmu!\u201c.<\/p>\n<p>Ovaj penzioner je priveden u policijsku stanicu. Tokom saslu\u0161anja njemu je pozlilo, \u201epa je preba\u010den u bolnicu zbog hipertenzije\u201c. Ujutru, u sedam sati, pu\u0161ten je \u201ena slobodu\u201c. Za sve to vreme u policijskoj stanici i u bolnici nije mu bilo dozvoljeno da ikom telefonira.<\/p>\n<p>Ve\u0161ala u \u201eprirodnoj veli\u010dini\u201c, ili pribli\u017eno realnih dimenzija, nosi na protestima i doju\u010dera\u0161nji \u010dlan Srpskog pokreta Dveri, Sr\u0111an Nogo. Predsednik pomenutog desni\u010darskog pokreta ogradio se, u ime te organizacije, od ovog Nogovog protestnog \u010dina, i obe\u0107ao da \u0107e taj \u010dlan tog politi\u010dkog pokreta podle\u0107i ozbiljnim strana\u010dkim disciplinskim sankcijama. Obe\u0107ano \u2013 u\u010dinjeno: Nogo od ju\u010de vi\u0161e nije \u010dlan Dveri. Pre nego \u0161to je krajem januara na protest iza\u0161ao s ve\u0161alima u rukama, Nogo je u oktobru izjavio da, ukoliko potpi\u0161e Dablinski sporazum sa EU o migrantima, premijerka Ana Brnabi\u0107 \u201etreba da bude obe\u0161ena istog \u010dasa na Terazijama\u201c. Ovom rasisti\u010dkom izjavom o migrantima, ali i protivzakonitom izjavom o ve\u0161anju u dr\u017eavi u kojoj ne postoji smrtna presuda, doju\u010dera\u0161nji pripadnik Dveri, kad ih na protestu nosi, kontaminira smisao simbolike ve\u0161ala u gra\u0111anskom mar\u0161u u Srbiji, \u0161to su Vu\u010di\u0107 i korisnici njegovog li\u010dnog re\u017eima odmah iskoristili da bi proteste dezavuisali. Vu\u010di\u0107 promptno izjavljuje: \u201eOni \u010dija politika jesu ve\u0161ala nikad ne\u0107e biti budu\u0107nost Srbije\u201c. Neboj\u0161a Stefanovi\u0107, \u010dlan predsedni\u0161tva SNS-a, veli: \u201eSrbija budu\u0107nosti \u0107e pobediti Srbiju ve\u0161ala\u201c.<\/p>\n<p>Ni jedan ni drugi, ni vo\u0111a ni njegov trabant i ne slute koliko su u pravu. Re\u017eim SNS-a vodi srpsko dru\u0161tvo na pogubljenje. Ve\u0161ala su simbol tog \u010dina.<\/p>\n<p>Ovu zlokobnu budu\u0107nost Srbije pod re\u017eimom SNS-a, jasno ocrtava i Godi\u0161nji izve\u0161taj Fridom hausa \u201eSloboda u svetu 2019\u201c. U izve\u0161taju se navodi da je: \u201eSrbija izgubila status slobodne zemlje zbog sve lo\u0161ijeg stanja kada je re\u010d o organizovanju slobodnih izbora, zbog poku\u0161aja vlade i vlastima bliskih medija da podrivaju nezavisne novinare, kao i zbog akumulacije izvr\u0161nih ovla\u0161\u0107enja predsednika Aleksandra Vu\u010di\u0107a, \u0161to je u suprotnosti s njegovom ustavnom ulogom.\u201c<\/p>\n<p>Ve\u0161ala su ovde i sada, kao i svuda i uvek u gra\u0111anskom protestu protiv vlasti koja se otrgla zakonu, dvostruki znak: znak politi\u010dkog i socijalnog poni\u017eavaju\u0107eg polo\u017eaja slobodnih gra\u0111anki i gra\u0111ana, i znak pravde, simbol \u017eeljenog i neophodnog sudskog procesa svima onima koji su zloupotrebili opunomo\u0107enje nasuprot njegovoj nameni, da bi plja\u010dkali dr\u017eavu, obmanjivali gra\u0111ane i razarali same temelje institucijama slobode.<\/p>\n<p><a href=\"https:\/\/www.danas.rs\/kolumna\/zlatko-pakovic\/vesala-3\/\">Danas<\/a><\/p>\n","protected":false},"excerpt":{"rendered":"<p>Protesti kru\u017ee Srbijom, protesti oja\u0111enih i ozloje\u0111enih gra\u0111ana protiv re\u017eima Vu\u010di\u0107a i njegove razbaha\u0107ene poslovno-politikantske firme<\/p>\n","protected":false},"author":1,"featured_media":0,"comment_status":"open","ping_status":"closed","sticky":false,"template":"","format":"standard","meta":{"_seopress_robots_primary_cat":"","_seopress_titles_title":"","_seopress_titles_desc":"","_seopress_robots_index":"","_et_pb_use_builder":"","_et_pb_old_content":"","_et_gb_content_width":"","inline_featured_image":false,"footnotes":""},"categories":[5],"tags":[],"class_list":["post-261779","post","type-post","status-publish","format-standard","hentry","category-drugi-pisu"],"_links":{"self":[{"href":"https:\/\/www.pcnen.com\/portal\/wp-json\/wp\/v2\/posts\/261779","targetHints":{"allow":["GET"]}}],"collection":[{"href":"https:\/\/www.pcnen.com\/portal\/wp-json\/wp\/v2\/posts"}],"about":[{"href":"https:\/\/www.pcnen.com\/portal\/wp-json\/wp\/v2\/types\/post"}],"author":[{"embeddable":true,"href":"https:\/\/www.pcnen.com\/portal\/wp-json\/wp\/v2\/users\/1"}],"replies":[{"embeddable":true,"href":"https:\/\/www.pcnen.com\/portal\/wp-json\/wp\/v2\/comments?post=261779"}],"version-history":[{"count":0,"href":"https:\/\/www.pcnen.com\/portal\/wp-json\/wp\/v2\/posts\/261779\/revisions"}],"wp:attachment":[{"href":"https:\/\/www.pcnen.com\/portal\/wp-json\/wp\/v2\/media?parent=261779"}],"wp:term":[{"taxonomy":"category","embeddable":true,"href":"https:\/\/www.pcnen.com\/portal\/wp-json\/wp\/v2\/categories?post=261779"},{"taxonomy":"post_tag","embeddable":true,"href":"https:\/\/www.pcnen.com\/portal\/wp-json\/wp\/v2\/tags?post=261779"}],"curies":[{"name":"wp","href":"https:\/\/api.w.org\/{rel}","templated":true}]}}