{"id":261763,"date":"2019-02-23T09:09:23","date_gmt":"2019-02-23T08:09:23","guid":{"rendered":"http:\/\/www.pcnen.com\/portal\/?p=261763"},"modified":"2019-02-23T20:42:41","modified_gmt":"2019-02-23T19:42:41","slug":"novi-protest-97-000-odupri-se","status":"publish","type":"post","link":"https:\/\/www.pcnen.com\/portal\/2019\/02\/23\/novi-protest-97-000-odupri-se\/","title":{"rendered":"Novi protest &#8216;97.000 &#8211; Odupri se&#8217;"},"content":{"rendered":"<p><img loading=\"lazy\" decoding=\"async\" class=\"alignright size-full wp-image-261764\" src=\"http:\/\/www.pcnen.com\/portal\/wp-content\/uploads\/2019\/02\/oduprise.jpg\" alt=\"\" width=\"400\" height=\"201\" \/>Organizatori protesta #ODUPRISE su pozvali gra\u0111ane\/gra\u0111anke da danas, 23. februara, u 18 \u010dasova, iza\u0111u na Trg nezavisnosti i poka\u017eu da &#8220;zajedno mogu do su\u0161tinske promjene sistema&#8221;.<\/p>\n<p>&#8220;Protest je tre\u0107i u nizu gra\u0111anskih protesta pod sloganom &#8220;97.000 \u2013 Odupri se!&#8221;. Ovog puta, planirana je kru\u017ena ruta kretanja protestne kolone, koja \u0107e krenuti sa Trga nezavisnih gra\u0111ana, Ulicom slobode do Bulevara Svetog Petra Cetinjskog. Sa Bulevara \u0107emo skrenuti ka Klini\u010dkom centru i zaustaviti se ispred zgrade RTCG-a gdje \u0107e biti ispostavljeni dodatni zahtjevi gra\u0111ana, oko kojih smo u intenzivnoj komunikaciji, prona\u0161li zajedni\u010dki konsenzus. Vrati\u0107emo se Bulevarom revolucije ka Sportskom centru, zatim Bulevarom Petra Cetinjskog nazad do Trga nezavisnih gra\u0111ana. Tom trasom obi\u0107i \u0107emo dobar dio institucija kojima se prethodne nedjelje nismo direktno obratili&#8221;. naveli su organizatori.<\/p>\n<p>&#8220;Apelujemo na gra\u0111ane da nam se pridru\u017ee bez ikakvih strana\u010dkih, nacionalnih i ostalih obilje\u017eja. Imamo posebno zadovoljstvo \u0161to su nam ove nedjelje ukazali povjerenje sugra\u0111ani OSI populacije, kojima \u0107e redarska slu\u017eba ukazati posebnu pa\u017enju i obezbje\u0111enje. Tako\u0111e, pozivamo sugra\u0111ane da i sami aktivno poma\u017eu redarskoj slu\u017ebi i reaguju na provokaciju bilo koje vrste tako \u0161to \u0107e kontaktirati najbli\u017eeg redara, kako ne bismo dozvolili da bilo kakav nasilni incident ugrozi na\u0161e zakonsko pravo da odbranimo Ustav Crne Gore u jedinoj slobodnoj instituciji koja nam je ostala \u2013 Ulici. Obilje\u017eje ovog protesta je #oduprise&#8221;, naveli su organizatori.<\/p>\n<p>Za protest u Podgorici organizovan je prevoz iz drugih gradova.<\/p>\n<p>Polasci su<\/p>\n<p>13:30 h, Andrijevica, Gradski trg;<br \/>\n14:00 h, Berane, ispred zgrade Op\u0161tine;<br \/>\n14:30 h, Bijelo Polje, autobuska stanica;<br \/>\n16:30 h, Bar, Sportska hala &#8220;Topolica&#8221;;<br \/>\n16:30 h, Budva, ispred zgrade Op\u0161tine;<br \/>\n16:20 h, Cetinje, stara vatrogasna;<br \/>\n17:00 h, Danilovgrad, Kod hotela &#8220;Zeta&#8221;;<br \/>\n15:00 h, \u017dabljak, autobuska stanica;<br \/>\n15:30 h, Kotor, Benovo, iza op\u0161tinskog suda;<br \/>\n16:00 h, Kola\u0161in, Gradski trg;<br \/>\n15:00 h, Mojkovac, autobuska stanica;<br \/>\n16:00 h, Nik\u0161i\u0107, ispred &#8220;Sind\u010dela&#8221;;<br \/>\n14:00 h, Pljevlja, ispred zgrade Op\u0161tine;<br \/>\n16:00 h, Tivat, nova autobuska stanica;<br \/>\n15:00 h, Herceg Novi, autobuska stanica;<br \/>\n15:30 h, \u0160avnik, kod benzinske pumpe<\/p>\n<p>Kako je prethodne sedmice na\u0161e okupljanje proteklo mirno i dostojanstveno tako o\u010dekujemo da pro\u0111e i svako naredno. Apelujemo na gra\u0111ane da nam se pridru\u017ee bez ikakvih strana\u010dkih, nacionalnih i ostalih obilje\u017eja. Imamo posebno zadovoljstvo \u0161to su nam ove nedjelje ukazali povjerenje sugra\u0111ani OSI populacije, kojima \u0107e redarska slu\u017eba ukazati posebnu pa\u017enju i obezbje\u0111enje. Tako\u0111e, pozivamo sugra\u0111ane da i sami aktivno poma\u017eu redarskoj slu\u017ebi i reaguju na provokaciju bilo koje vrste tako \u0161to \u0107e kontaktirati najbli\u017eeg redara, kako ne bismo dozvolili da bilo kakav nasilni incident ugrozi na\u0161e zakonsko pravo da odbranimo Ustav Crne Gore u jedinoj slobodnoj instituciji koja nam je ostala \u2013 Ulici. Obilje\u017eje ovog protesta je #oduprise.<\/p>\n","protected":false},"excerpt":{"rendered":"<p>Organizatori protesta #ODUPRISE su pozvali gra\u0111ane\/gra\u0111anke da danas, 23. februara, u 18 \u010dasova, iza\u0111u na Trg nezavisnosti i poka\u017eu da &#8220;zajedno mogu do su\u0161tinske promjene sistema&#8221;. &#8220;Protest je tre\u0107i u nizu gra\u0111anskih protesta pod sloganom &#8220;97.000 \u2013 Odupri se!&#8221;. Ovog puta, planirana je kru\u017ena ruta kretanja protestne kolone, koja \u0107e krenuti sa Trga nezavisnih gra\u0111ana, [&hellip;]<\/p>\n","protected":false},"author":1,"featured_media":0,"comment_status":"open","ping_status":"closed","sticky":false,"template":"","format":"standard","meta":{"_seopress_robots_primary_cat":"","_seopress_titles_title":"","_seopress_titles_desc":"","_seopress_robots_index":"","_et_pb_use_builder":"","_et_pb_old_content":"","_et_gb_content_width":"","inline_featured_image":false,"footnotes":""},"categories":[14],"tags":[],"class_list":["post-261763","post","type-post","status-publish","format-standard","hentry","category-vijesti"],"_links":{"self":[{"href":"https:\/\/www.pcnen.com\/portal\/wp-json\/wp\/v2\/posts\/261763","targetHints":{"allow":["GET"]}}],"collection":[{"href":"https:\/\/www.pcnen.com\/portal\/wp-json\/wp\/v2\/posts"}],"about":[{"href":"https:\/\/www.pcnen.com\/portal\/wp-json\/wp\/v2\/types\/post"}],"author":[{"embeddable":true,"href":"https:\/\/www.pcnen.com\/portal\/wp-json\/wp\/v2\/users\/1"}],"replies":[{"embeddable":true,"href":"https:\/\/www.pcnen.com\/portal\/wp-json\/wp\/v2\/comments?post=261763"}],"version-history":[{"count":0,"href":"https:\/\/www.pcnen.com\/portal\/wp-json\/wp\/v2\/posts\/261763\/revisions"}],"wp:attachment":[{"href":"https:\/\/www.pcnen.com\/portal\/wp-json\/wp\/v2\/media?parent=261763"}],"wp:term":[{"taxonomy":"category","embeddable":true,"href":"https:\/\/www.pcnen.com\/portal\/wp-json\/wp\/v2\/categories?post=261763"},{"taxonomy":"post_tag","embeddable":true,"href":"https:\/\/www.pcnen.com\/portal\/wp-json\/wp\/v2\/tags?post=261763"}],"curies":[{"name":"wp","href":"https:\/\/api.w.org\/{rel}","templated":true}]}}