{"id":261754,"date":"2019-02-22T14:04:30","date_gmt":"2019-02-22T13:04:30","guid":{"rendered":"http:\/\/www.pcnen.com\/portal\/?p=261754"},"modified":"2019-09-27T13:47:21","modified_gmt":"2019-09-27T11:47:21","slug":"sud-radovic-nezakonito-razrijesena","status":"publish","type":"post","link":"https:\/\/www.pcnen.com\/portal\/2019\/02\/22\/sud-radovic-nezakonito-razrijesena\/","title":{"rendered":"Sud: Radovi\u0107 nezakonito razrije\u0161ena"},"content":{"rendered":"<p>Sini\u0161a Gazivoda, punomo\u0107nik Radovi\u0107, kazao je da presuda Osnovnog suda potvr\u0111uje njihov stav da je Savjet, na \u010delu sa Radojem \u017dugi\u0107em, uspio da obmane poslanike u <a href=\"http:\/\/www.pcnen.com\/portal\/2018\/07\/05\/smijenjena-viceguvernerka-cbcg\/\">Skup\u0161tini Crne Gore<\/a> neta\u010dnim podacima za razrje\u0161enje, nakon \u010dega su poslanici donijeli nezakonitu odluku.<\/p>\n<p>&#8220;Ono \u0161to je \u017ealosno je da guverner CBCG nastavlja sa svojim nezakonitim radnjama na na\u010din \u0161to opet poku\u0161ava da iskoristi Skup\u0161tinu tako \u0161to \u0107e imenovati novog viceguvernera i sprijeciti da se Radovi\u0107 vrati na du\u017enost viceguvernera&#8221;, kazao je on, prenosi Mina.<\/p>\n<p>Ukoliko guverner uspije da imenuje drugo lice na tu du\u017enost, ka\u017ee on, Radovi\u0107 ne\u0107e mo\u0107i da se vrati na funkciju viceguvernerke CBCG.<\/p>\n<p>\u017dugi\u0107 je 20. februara predlo\u017eio Skup\u0161tini da za viceguvernerku imenuje Zoricu Kalezi\u0107, koja je \u010dlan Savjeta vrhovne monetarne institucije.<\/p>\n","protected":false},"excerpt":{"rendered":"<p>Osnovni sud u Podgorici je donio presudu kojom je poni\u0161tena kao nezakonita odluka Skup\u0161tine Crne Gore o razrje\u0161enju Irene Radovi\u0107 sa funkcije viceguvernerke Centralne banke Crne Gore (CBCG).<\/p>\n","protected":false},"author":1,"featured_media":0,"comment_status":"open","ping_status":"closed","sticky":false,"template":"","format":"standard","meta":{"_seopress_robots_primary_cat":"","_seopress_titles_title":"","_seopress_titles_desc":"","_seopress_robots_index":"","_et_pb_use_builder":"","_et_pb_old_content":"","_et_gb_content_width":"","inline_featured_image":false,"footnotes":""},"categories":[14,12],"tags":[],"class_list":["post-261754","post","type-post","status-publish","format-standard","hentry","category-vijesti","category-prica-dana"],"_links":{"self":[{"href":"https:\/\/www.pcnen.com\/portal\/wp-json\/wp\/v2\/posts\/261754","targetHints":{"allow":["GET"]}}],"collection":[{"href":"https:\/\/www.pcnen.com\/portal\/wp-json\/wp\/v2\/posts"}],"about":[{"href":"https:\/\/www.pcnen.com\/portal\/wp-json\/wp\/v2\/types\/post"}],"author":[{"embeddable":true,"href":"https:\/\/www.pcnen.com\/portal\/wp-json\/wp\/v2\/users\/1"}],"replies":[{"embeddable":true,"href":"https:\/\/www.pcnen.com\/portal\/wp-json\/wp\/v2\/comments?post=261754"}],"version-history":[{"count":0,"href":"https:\/\/www.pcnen.com\/portal\/wp-json\/wp\/v2\/posts\/261754\/revisions"}],"wp:attachment":[{"href":"https:\/\/www.pcnen.com\/portal\/wp-json\/wp\/v2\/media?parent=261754"}],"wp:term":[{"taxonomy":"category","embeddable":true,"href":"https:\/\/www.pcnen.com\/portal\/wp-json\/wp\/v2\/categories?post=261754"},{"taxonomy":"post_tag","embeddable":true,"href":"https:\/\/www.pcnen.com\/portal\/wp-json\/wp\/v2\/tags?post=261754"}],"curies":[{"name":"wp","href":"https:\/\/api.w.org\/{rel}","templated":true}]}}