{"id":26172,"date":"2008-10-09T17:07:28","date_gmt":"2008-10-09T17:07:28","guid":{"rendered":"http:\/\/www.pcnen.com\/portal\/?p=26172"},"modified":"2008-10-09T17:07:28","modified_gmt":"2008-10-09T17:07:28","slug":"dukanovic-sa-opozicijom","status":"publish","type":"post","link":"https:\/\/www.pcnen.com\/portal\/2008\/10\/09\/dukanovic-sa-opozicijom\/","title":{"rendered":"\u0110ukanovi\u0107 sa opozicijom"},"content":{"rendered":"<p>Na zahtjev opozicije, premijer Crne Gore Milo \u0110ukanovi\u0107 pozvao je na razgovor predstavnike Pokreta za promene, Srpske narodne stranke i Demokratske srpske stranke.<\/p>\n<p>O tome je poslanike crnogorskog parlamenta obavijestio predsjednik Skup&scaron;tine Ranko Krivokapi\u0107.<\/p>\n<p>&nbsp;&nbsp; Razgovor je trebao da po\u010dne u 16:30 sati, na zahtjev predstavnika Srpske liste Andrije Mandi\u0107a, koji je, u ime opozicionih stranaka, zatra\u017eio hitan sastanak dr\u017eavnog vrha Crne Gore sa predstavnicima opozicije, zbog najava o mogu\u0107em priznavanju nezavisnosti Kosova. <\/p>\n","protected":false},"excerpt":{"rendered":"<p>Na zahtjev opozicije, premijer Crne Gore Milo \u0110ukanovi\u0107 pozvao je na razgovor predstavnike Pokreta za promene, Srpske narodne stranke i Demokratske srpske stranke. O tome je poslanike crnogorskog parlamenta obavijestio predsjednik Skup&scaron;tine Ranko Krivokapi\u0107. &nbsp;&nbsp; Razgovor je trebao da po\u010dne u 16:30 sati, na zahtjev predstavnika Srpske liste Andrije Mandi\u0107a, koji je, u ime opozicionih [&hellip;]<\/p>\n","protected":false},"author":1,"featured_media":0,"comment_status":"open","ping_status":"closed","sticky":false,"template":"","format":"standard","meta":{"_seopress_robots_primary_cat":"","_seopress_titles_title":"","_seopress_titles_desc":"","_seopress_robots_index":"","_et_pb_use_builder":"","_et_pb_old_content":"","_et_gb_content_width":"","inline_featured_image":false,"footnotes":""},"categories":[14],"tags":[],"class_list":["post-26172","post","type-post","status-publish","format-standard","hentry","category-vijesti"],"_links":{"self":[{"href":"https:\/\/www.pcnen.com\/portal\/wp-json\/wp\/v2\/posts\/26172","targetHints":{"allow":["GET"]}}],"collection":[{"href":"https:\/\/www.pcnen.com\/portal\/wp-json\/wp\/v2\/posts"}],"about":[{"href":"https:\/\/www.pcnen.com\/portal\/wp-json\/wp\/v2\/types\/post"}],"author":[{"embeddable":true,"href":"https:\/\/www.pcnen.com\/portal\/wp-json\/wp\/v2\/users\/1"}],"replies":[{"embeddable":true,"href":"https:\/\/www.pcnen.com\/portal\/wp-json\/wp\/v2\/comments?post=26172"}],"version-history":[{"count":0,"href":"https:\/\/www.pcnen.com\/portal\/wp-json\/wp\/v2\/posts\/26172\/revisions"}],"wp:attachment":[{"href":"https:\/\/www.pcnen.com\/portal\/wp-json\/wp\/v2\/media?parent=26172"}],"wp:term":[{"taxonomy":"category","embeddable":true,"href":"https:\/\/www.pcnen.com\/portal\/wp-json\/wp\/v2\/categories?post=26172"},{"taxonomy":"post_tag","embeddable":true,"href":"https:\/\/www.pcnen.com\/portal\/wp-json\/wp\/v2\/tags?post=26172"}],"curies":[{"name":"wp","href":"https:\/\/api.w.org\/{rel}","templated":true}]}}